{"id":1819,"date":"2013-10-31T09:48:00","date_gmt":"2013-10-31T09:48:00","guid":{"rendered":"http:\/\/joanardevol.org\/info\/?p=1819"},"modified":"2013-10-31T09:48:00","modified_gmt":"2013-10-31T09:48:00","slug":"torrem-castanyes-a-lescola","status":"publish","type":"post","link":"https:\/\/agora.xtec.cat\/escjoanardevol\/general\/torrem-castanyes-a-lescola\/","title":{"rendered":"Torrem castanyes!"},"content":{"rendered":"<p>A l&#8217;escola, avui unes mames han torrat les castanyes que despr\u00e9s es menjaran els nens i nenes de l&#8217;escola. Despr\u00e9s, un grup de 5\u00e8 han repartit les castanyes a les paperines (que havien fet els de 6\u00e8). Si b\u00e9 ja ha arribat el fred, el dia ha acompanyat molt:<\/p>\n<p style=\"text-align: center;\"><a href=\"http:\/\/agora.xtec.cat\/escjoanardevol\/wp-content\/uploads\/usu550\/2013\/10\/DSC_0033.jpg\"><img loading=\"lazy\" decoding=\"async\" class=\"wp-image-1822 aligncenter\" alt=\"DSC_0033\" src=\"http:\/\/agora.xtec.cat\/escjoanardevol\/wp-content\/uploads\/usu550\/2013\/10\/DSC_0033.jpg\" width=\"614\" height=\"410\" srcset=\"https:\/\/agora.xtec.cat\/escjoanardevol\/wp-content\/uploads\/usu550\/2013\/10\/DSC_0033.jpg 1024w, https:\/\/agora.xtec.cat\/escjoanardevol\/wp-content\/uploads\/usu550\/2013\/10\/DSC_0033-300x200.jpg 300w, https:\/\/agora.xtec.cat\/escjoanardevol\/wp-content\/uploads\/usu550\/2013\/10\/DSC_0033-768x512.jpg 768w\" sizes=\"auto, (max-width: 614px) 100vw, 614px\" \/><\/a><\/p>\n<pre><object width=\"600\" height=\"400\" classid=\"clsid:d27cdb6e-ae6d-11cf-96b8-444553540000\" codebase=\"http:\/\/download.macromedia.com\/pub\/shockwave\/cabs\/flash\/swflash.cab#version=6,0,40,0\"><param name=\"src\" value=\"https:\/\/static.googleusercontent.com\/external_content\/picasaweb.googleusercontent.com\/slideshow.swf\" \/><param name=\"flashvars\" value=\"host=picasaweb.google.com&amp;hl=ca&amp;feat=flashalbum&amp;RGB=0x000000&amp;feed=https%3A%2F%2Fpicasaweb.google.com%2Fdata%2Ffeed%2Fapi%2Fuser%2F104441221767343032393%2Falbumid%2F5950487861584563249%3Falt%3Drss%26kind%3Dphoto%26hl%3Dca\" \/><param name=\"pluginspage\" value=\"http:\/\/www.macromedia.com\/go\/getflashplayer\" \/><embed width=\"600\" height=\"400\" type=\"application\/x-shockwave-flash\" src=\"https:\/\/static.googleusercontent.com\/external_content\/picasaweb.googleusercontent.com\/slideshow.swf\" flashvars=\"host=picasaweb.google.com&amp;hl=ca&amp;feat=flashalbum&amp;RGB=0x000000&amp;feed=https%3A%2F%2Fpicasaweb.google.com%2Fdata%2Ffeed%2Fapi%2Fuser%2F104441221767343032393%2Falbumid%2F5950487861584563249%3Falt%3Drss%26kind%3Dphoto%26hl%3Dca\" pluginspage=\"http:\/\/www.macromedia.com\/go\/getflashplayer\" \/><\/object><\/pre>\n<p>Per la tarda ens han visitat dues castanyeres: una a educaci\u00f3 infantil i l&#8217;altra a cile inicial i 3r. Han estat molt generoses amb nosaltres, ens han ofert castanyes i han ballat al pati.<\/p>\n","protected":false},"excerpt":{"rendered":"<p>A l&#8217;escola, avui unes mames han torrat les castanyes que despr\u00e9s es menjaran els nens i nenes de l&#8217;escola. Despr\u00e9s, un grup de 5\u00e8 han repartit les castanyes a les paperines (que havien fet els de 6\u00e8). Si b\u00e9 ja ha arribat el fred, el&hellip;  <a href=\"https:\/\/agora.xtec.cat\/escjoanardevol\/general\/torrem-castanyes-a-lescola\/\" title=\"Read Torrem castanyes!\">Llegeix m\u00e9s\u00bb<\/a><\/p>\n","protected":false},"author":1,"featured_media":0,"comment_status":"open","ping_status":"open","sticky":false,"template":"","format":"standard","meta":{"_bbp_topic_count":0,"_bbp_reply_count":0,"_bbp_total_topic_count":0,"_bbp_total_reply_count":0,"_bbp_voice_count":0,"_bbp_anonymous_reply_count":0,"_bbp_topic_count_hidden":0,"_bbp_reply_count_hidden":0,"_bbp_forum_subforum_count":0,"footnotes":""},"categories":[14,1],"tags":[59,73,82,178],"class_list":["post-1819","post","type-post","status-publish","format-standard","hentry","category-5e","category-general","tag-activitats","tag-castanyada","tag-cinque","tag-tardor"],"post_mailing_queue_ids":[],"_links":{"self":[{"href":"https:\/\/agora.xtec.cat\/escjoanardevol\/wp-json\/wp\/v2\/posts\/1819","targetHints":{"allow":["GET"]}}],"collection":[{"href":"https:\/\/agora.xtec.cat\/escjoanardevol\/wp-json\/wp\/v2\/posts"}],"about":[{"href":"https:\/\/agora.xtec.cat\/escjoanardevol\/wp-json\/wp\/v2\/types\/post"}],"author":[{"embeddable":true,"href":"https:\/\/agora.xtec.cat\/escjoanardevol\/wp-json\/wp\/v2\/users\/1"}],"replies":[{"embeddable":true,"href":"https:\/\/agora.xtec.cat\/escjoanardevol\/wp-json\/wp\/v2\/comments?post=1819"}],"version-history":[{"count":0,"href":"https:\/\/agora.xtec.cat\/escjoanardevol\/wp-json\/wp\/v2\/posts\/1819\/revisions"}],"wp:attachment":[{"href":"https:\/\/agora.xtec.cat\/escjoanardevol\/wp-json\/wp\/v2\/media?parent=1819"}],"wp:term":[{"taxonomy":"category","embeddable":true,"href":"https:\/\/agora.xtec.cat\/escjoanardevol\/wp-json\/wp\/v2\/categories?post=1819"},{"taxonomy":"post_tag","embeddable":true,"href":"https:\/\/agora.xtec.cat\/escjoanardevol\/wp-json\/wp\/v2\/tags?post=1819"}],"curies":[{"name":"wp","href":"https:\/\/api.w.org\/{rel}","templated":true}]}}