{"id":1816,"date":"2013-10-31T09:37:27","date_gmt":"2013-10-31T09:37:27","guid":{"rendered":"http:\/\/joanardevol.org\/info\/?p=1816"},"modified":"2013-10-31T09:37:27","modified_gmt":"2013-10-31T09:37:27","slug":"dia-de-lliure-disposicio","status":"publish","type":"post","link":"https:\/\/agora.xtec.cat\/escjoanardevol\/general\/dia-de-lliure-disposicio\/","title":{"rendered":"Dia de lliure disposici\u00f3"},"content":{"rendered":"<p>Recordem que el <strong>4 de novembre<\/strong> <span style=\"text-decoration: underline;\">no hi haur\u00e0 classe<\/span> perqu\u00e8 \u00e9s un dels dies que el Consell escolar va escollir com a dia de lliure disposici\u00f3.<\/p>\n<p>Les classes es reprendran el proper dimarts, 5 de novembre.<\/p>\n","protected":false},"excerpt":{"rendered":"<p>Recordem que el 4 de novembre no hi haur\u00e0 classe perqu\u00e8 \u00e9s un dels dies que el Consell escolar va escollir com a dia de lliure disposici\u00f3.<br \/>\nLes classes es reprendran el proper dimarts, 5 de novembre.<\/p>\n","protected":false},"author":1,"featured_media":0,"comment_status":"open","ping_status":"open","sticky":false,"template":"","format":"standard","meta":{"_bbp_topic_count":0,"_bbp_reply_count":0,"_bbp_total_topic_count":0,"_bbp_total_reply_count":0,"_bbp_voice_count":0,"_bbp_anonymous_reply_count":0,"_bbp_topic_count_hidden":0,"_bbp_reply_count_hidden":0,"_bbp_forum_subforum_count":0,"footnotes":""},"categories":[1],"tags":[69,148,186],"class_list":["post-1816","post","type-post","status-publish","format-standard","hentry","category-general","tag-cambrils","tag-noticies","tag-vacances"],"post_mailing_queue_ids":[],"_links":{"self":[{"href":"https:\/\/agora.xtec.cat\/escjoanardevol\/wp-json\/wp\/v2\/posts\/1816","targetHints":{"allow":["GET"]}}],"collection":[{"href":"https:\/\/agora.xtec.cat\/escjoanardevol\/wp-json\/wp\/v2\/posts"}],"about":[{"href":"https:\/\/agora.xtec.cat\/escjoanardevol\/wp-json\/wp\/v2\/types\/post"}],"author":[{"embeddable":true,"href":"https:\/\/agora.xtec.cat\/escjoanardevol\/wp-json\/wp\/v2\/users\/1"}],"replies":[{"embeddable":true,"href":"https:\/\/agora.xtec.cat\/escjoanardevol\/wp-json\/wp\/v2\/comments?post=1816"}],"version-history":[{"count":0,"href":"https:\/\/agora.xtec.cat\/escjoanardevol\/wp-json\/wp\/v2\/posts\/1816\/revisions"}],"wp:attachment":[{"href":"https:\/\/agora.xtec.cat\/escjoanardevol\/wp-json\/wp\/v2\/media?parent=1816"}],"wp:term":[{"taxonomy":"category","embeddable":true,"href":"https:\/\/agora.xtec.cat\/escjoanardevol\/wp-json\/wp\/v2\/categories?post=1816"},{"taxonomy":"post_tag","embeddable":true,"href":"https:\/\/agora.xtec.cat\/escjoanardevol\/wp-json\/wp\/v2\/tags?post=1816"}],"curies":[{"name":"wp","href":"https:\/\/api.w.org\/{rel}","templated":true}]}}