{"id":1776,"date":"2013-10-17T08:18:25","date_gmt":"2013-10-17T08:18:25","guid":{"rendered":"http:\/\/joanardevol.org\/info\/?p=1776"},"modified":"2013-10-17T08:18:25","modified_gmt":"2013-10-17T08:18:25","slug":"el-mon-en-4-potes","status":"publish","type":"post","link":"https:\/\/agora.xtec.cat\/escjoanardevol\/general\/el-mon-en-4-potes\/","title":{"rendered":"El m\u00f3n a 4 potes"},"content":{"rendered":"<p>Ahir les nenes i nens de 1r van fer un viatge pel m\u00f3n acompanyant el Croqueta i la Poma. La Montse i l&#8217;Annabel, veterin\u00e0ria i psic\u00f2loga que porten el programa <a href=\"http:\/\/terapia4potes.blogspot.com.es\/\" target=\"_blank\">4 potes<\/a> de ter\u00e0pia amb animals, ens van guiar en aquest viatge en qu\u00e8 vam con\u00e8ixer realitats ben diferents de la nostra.<\/p>\n<p><a href=\"https:\/\/picasaweb.google.com\/104441221767343032393\/1rMon4potes\" target=\"_blank\"><img loading=\"lazy\" decoding=\"async\" class=\"alignnone\" alt=\"\" src=\"https:\/\/lh5.googleusercontent.com\/-nLDEtUBPB6o\/Ul-XILWhPpI\/AAAAAAAAAPQ\/yIVhb5cj9RY\/s1024\/mon4potes11.JPG\" width=\"614\" height=\"410\" \/><\/a><\/p>\n<p><em>Cliqueu damunt la foto per veure&#8217;n l&#8217;\u00e0lbum complet.<\/em><\/p>\n<p>Com que era el primer cop que es feia, aquesta activitat va tenir un bon ress\u00f2 medi\u00e0tic:<\/p>\n<p>&nbsp;<\/p>\n<p><a href=\"http:\/\/www.revistacambrils.com\/index.php?c_noticia=15645\" target=\"_blank\"><img loading=\"lazy\" decoding=\"async\" class=\"alignnone\" alt=\"\" src=\"http:\/\/www.revistacambrils.com\/imatges\/comuns2\/cap.gif\" width=\"486\" height=\"75\" \/><\/a><\/p>\n<p><a href=\"http:\/\/www.naciodigital.cat\/delcamp\/cambrilsdiari\/noticia\/83\/col\/legi\/joan\/ardevol\/acull\/taller\/amb\/gossos\/terapia\" target=\"_blank\"><img loading=\"lazy\" decoding=\"async\" class=\"alignnone\" alt=\"\" src=\"http:\/\/dades.grupnaciodigital.com\/logos\/cambrilsdiari.gif\" width=\"570\" height=\"94\" \/><\/a><\/p>\n<p>I tamb\u00e9 va sortir a la TV de Reus:<br \/>\n<iframe loading=\"lazy\" id=\"iframe_chapter\" name=\"iframe_chapter\" src=\"http:\/\/canalreustv.xiptv.cat\/embed\/118812?width=548&amp;iframe_width=570&amp;share=&amp;height=308&amp;iframe_height=354\" height=\"354\" width=\"570\" frameborder=\"0\" scrolling=\"no\"><\/iframe><\/p>\n<p>&nbsp;<\/p>\n<p><img loading=\"lazy\" decoding=\"async\" class=\"alignnone\" alt=\"\" src=\"http:\/\/www.cambrils.cat\/++resource++plonetheme.cambrils.images\/escut.png\" width=\"52\" height=\"52\" \/>\u00a0El Gabinet de comunicaci\u00f3 de l&#8217;ajuntament tamb\u00e9 n&#8217;ha publicat <a href=\"http:\/\/www.cambrils.cat\/ca\/l-ajuntament\/comunicacio\/els-escolars-de-cambrils-rebran-educacio-per-al-desenvolupament-a-traves-d2019un-taller-amb-gossos-ensinistrats\" target=\"_blank\">m\u00e9s informaci\u00f3<\/a>.<\/p>\n","protected":false},"excerpt":{"rendered":"<p>Ahir les nenes i nens de 1r van fer un viatge pel m\u00f3n acompanyant el Croqueta i la Poma. La Montse i l&#8217;Annabel, veterin\u00e0ria i psic\u00f2loga que porten el programa <a href=\"http:\/\/terapia4potes.blogspot.com.es\/\" target=\"_blank\">4 potes<\/a> de ter\u00e0pia amb animals, ens van guiar en aquest viatge en&hellip;  <a href=\"https:\/\/agora.xtec.cat\/escjoanardevol\/general\/el-mon-en-4-potes\/\" title=\"Read El m\u00f3n a 4 potes\">Llegeix m\u00e9s\u00bb<\/a><\/p>\n","protected":false},"author":1,"featured_media":0,"comment_status":"open","ping_status":"open","sticky":false,"template":"","format":"standard","meta":{"_bbp_topic_count":0,"_bbp_reply_count":0,"_bbp_total_topic_count":0,"_bbp_total_reply_count":0,"_bbp_voice_count":0,"_bbp_anonymous_reply_count":0,"_bbp_topic_count_hidden":0,"_bbp_reply_count_hidden":0,"_bbp_forum_subforum_count":0,"footnotes":""},"categories":[10,1],"tags":[59,75,94,148],"class_list":["post-1776","post","type-post","status-publish","format-standard","hentry","category-1r","category-general","tag-activitats","tag-cicle-inicial","tag-cooperacio","tag-noticies"],"post_mailing_queue_ids":[],"_links":{"self":[{"href":"https:\/\/agora.xtec.cat\/escjoanardevol\/wp-json\/wp\/v2\/posts\/1776","targetHints":{"allow":["GET"]}}],"collection":[{"href":"https:\/\/agora.xtec.cat\/escjoanardevol\/wp-json\/wp\/v2\/posts"}],"about":[{"href":"https:\/\/agora.xtec.cat\/escjoanardevol\/wp-json\/wp\/v2\/types\/post"}],"author":[{"embeddable":true,"href":"https:\/\/agora.xtec.cat\/escjoanardevol\/wp-json\/wp\/v2\/users\/1"}],"replies":[{"embeddable":true,"href":"https:\/\/agora.xtec.cat\/escjoanardevol\/wp-json\/wp\/v2\/comments?post=1776"}],"version-history":[{"count":0,"href":"https:\/\/agora.xtec.cat\/escjoanardevol\/wp-json\/wp\/v2\/posts\/1776\/revisions"}],"wp:attachment":[{"href":"https:\/\/agora.xtec.cat\/escjoanardevol\/wp-json\/wp\/v2\/media?parent=1776"}],"wp:term":[{"taxonomy":"category","embeddable":true,"href":"https:\/\/agora.xtec.cat\/escjoanardevol\/wp-json\/wp\/v2\/categories?post=1776"},{"taxonomy":"post_tag","embeddable":true,"href":"https:\/\/agora.xtec.cat\/escjoanardevol\/wp-json\/wp\/v2\/tags?post=1776"}],"curies":[{"name":"wp","href":"https:\/\/api.w.org\/{rel}","templated":true}]}}