{"id":1766,"date":"2013-10-14T07:58:35","date_gmt":"2013-10-14T07:58:35","guid":{"rendered":"http:\/\/joanardevol.org\/info\/?p=1766"},"modified":"2013-10-14T07:58:35","modified_gmt":"2013-10-14T07:58:35","slug":"salut-integral","status":"publish","type":"post","link":"https:\/\/agora.xtec.cat\/escjoanardevol\/general\/salut-integral\/","title":{"rendered":"Salut integral"},"content":{"rendered":"<p><img loading=\"lazy\" decoding=\"async\" class=\"alignleft\" alt=\"\" src=\"http:\/\/fundacionshe.org\/ca\/wp-content\/uploads\/2012\/04\/logo_programaSI.jpg\" width=\"110\" height=\"153\" \/><\/p>\n<p>L&#8217;escola participar\u00e0 un any m\u00e9s al programa de salut integral, programa SI, promogut per la funcaci\u00ed SHE presidida pel dr. Valent\u00ed fuster.<\/p>\n<p>La Fundaci\u00f3 SHE va n\u00e9ixer amb el repte de <i>millorar la salut cardiovascular a la nostra societat <\/i>i ho fa, entre d\u2019altres activitats, mitjan\u00e7ant el <b>Programa SI!,<\/b> un projecte de promoci\u00f3 de la salut que fomenta estils de vida saludables en l\u2019\u00e0mbit educatiu.<\/p>\n<p>Durant el curs rebreu informaci\u00f3 sobre la tasca que els vostres fills\/es vagin \u00a0realitzant a l\u2019escola, aix\u00ed com propostes d\u2019activitats per compartir amb fam\u00edlia com: \u00a0missatges de salut, sortides familiars o receptes saludables.<\/p>\n<p>Us convidem a donar-vos d\u2019alta a la intranet del Programa SI!\u00a0 mitjan\u00e7ant la p\u00e0gina web de la Fundaci\u00f3 SHE, <a href=\"http:\/\/www.fundacionshe.org\/\" target=\"_blank\">www.fundacionshe.org<\/a> on podeu veure algunes de les activitats que es realitzen a les escoles i accedir als materials SI! per a les fam\u00edlies: notes saludables i reptes en fam\u00edlia. Tamb\u00e9 us podeu subscriure a la newsletter del Programa SI!, enfocada als h\u00e0bits saludables i la newsletter de la Fundaci\u00f3 SHE, centrada en les activitats de la Fundaci\u00f3.<\/p>\n<p>Esperem que aquest Programa sigui del vostre inter\u00e8s i que hi participeu de forma activa per a que tots junts puguem millorar els h\u00e0bits saludables dels vostres fills\/es i de la vostra fam\u00edlia.<\/p>\n<p>El curs passat vam rebre la visita del cardio, la mascota del programa SI. Podeu veure tot el reportatge fotogr\u00e0fic clicant damunt la foto:<\/p>\n<p><a href=\"https:\/\/picasaweb.google.com\/104461973599168246855\/VisitaCardio\" target=\"_blank\"><img loading=\"lazy\" decoding=\"async\" class=\"alignnone\" alt=\"\" src=\"https:\/\/lh5.googleusercontent.com\/-ycbvTNtX1Yw\/UV7XPc4h24I\/AAAAAAAAFfc\/9cJo27qw7uQ\/s1024\/cardio_2013_39.JPG\" width=\"614\" height=\"410\" \/><\/a><\/p>\n","protected":false},"excerpt":{"rendered":"<p>L&#8217;escola participar\u00e0 un any m\u00e9s al programa de salut integral, programa SI, promogut per la funcaci\u00ed SHE presidida pel dr. Valent\u00ed fuster.<br \/>\nLa Fundaci\u00f3 SHE va n\u00e9ixer amb el repte de millorar la salut cardiovascular a la nostra societat i ho fa, entre d\u2019altres activitats, mitjan\u00e7ant&hellip;  <a href=\"https:\/\/agora.xtec.cat\/escjoanardevol\/general\/salut-integral\/\" title=\"Read Salut integral\">Llegeix m\u00e9s\u00bb<\/a><\/p>\n","protected":false},"author":1,"featured_media":0,"comment_status":"open","ping_status":"open","sticky":false,"template":"","format":"standard","meta":{"_bbp_topic_count":0,"_bbp_reply_count":0,"_bbp_total_topic_count":0,"_bbp_total_reply_count":0,"_bbp_voice_count":0,"_bbp_anonymous_reply_count":0,"_bbp_topic_count_hidden":0,"_bbp_reply_count_hidden":0,"_bbp_forum_subforum_count":0,"footnotes":""},"categories":[1],"tags":[75,103,167],"class_list":["post-1766","post","type-post","status-publish","format-standard","hentry","category-general","tag-cicle-inicial","tag-educacio-infantil","tag-salut"],"post_mailing_queue_ids":[],"_links":{"self":[{"href":"https:\/\/agora.xtec.cat\/escjoanardevol\/wp-json\/wp\/v2\/posts\/1766","targetHints":{"allow":["GET"]}}],"collection":[{"href":"https:\/\/agora.xtec.cat\/escjoanardevol\/wp-json\/wp\/v2\/posts"}],"about":[{"href":"https:\/\/agora.xtec.cat\/escjoanardevol\/wp-json\/wp\/v2\/types\/post"}],"author":[{"embeddable":true,"href":"https:\/\/agora.xtec.cat\/escjoanardevol\/wp-json\/wp\/v2\/users\/1"}],"replies":[{"embeddable":true,"href":"https:\/\/agora.xtec.cat\/escjoanardevol\/wp-json\/wp\/v2\/comments?post=1766"}],"version-history":[{"count":0,"href":"https:\/\/agora.xtec.cat\/escjoanardevol\/wp-json\/wp\/v2\/posts\/1766\/revisions"}],"wp:attachment":[{"href":"https:\/\/agora.xtec.cat\/escjoanardevol\/wp-json\/wp\/v2\/media?parent=1766"}],"wp:term":[{"taxonomy":"category","embeddable":true,"href":"https:\/\/agora.xtec.cat\/escjoanardevol\/wp-json\/wp\/v2\/categories?post=1766"},{"taxonomy":"post_tag","embeddable":true,"href":"https:\/\/agora.xtec.cat\/escjoanardevol\/wp-json\/wp\/v2\/tags?post=1766"}],"curies":[{"name":"wp","href":"https:\/\/api.w.org\/{rel}","templated":true}]}}