{"id":1724,"date":"2013-10-23T09:52:09","date_gmt":"2013-10-23T09:52:09","guid":{"rendered":"http:\/\/joanardevol.org\/info\/?p=1724"},"modified":"2013-10-23T09:52:09","modified_gmt":"2013-10-23T09:52:09","slug":"activitats-dun-altre-planeta","status":"publish","type":"post","link":"https:\/\/agora.xtec.cat\/escjoanardevol\/general\/activitats-dun-altre-planeta\/","title":{"rendered":"Activitats d&#8217;un altre planeta!"},"content":{"rendered":"<p>Els alumnes de cinqu\u00e8 hem estat treballant l&#8217;Univers. Hem apr\u00e8s moltes coses i per finalitzar el tema i com a resum, hem fet unes maquetes del Sistema Solar realment magn\u00edfiques!<br \/>\nLes hem exposat a la secretaria de l&#8217;escola i fan molt de goig.<br \/>\nSeguirem treballant dur per poder fer m\u00e9s exposicions com aquesta.<\/p>\n<p><a href=\"http:\/\/agora.xtec.cat\/escjoanardevol\/wp-content\/uploads\/usu550\/2013\/10\/IMG_0139-1.jpg\"><img loading=\"lazy\" decoding=\"async\" class=\"alignleft size-medium wp-image-1802\" alt=\"5A planetes\" src=\"http:\/\/agora.xtec.cat\/escjoanardevol\/wp-content\/uploads\/usu550\/2013\/10\/IMG_0139-1-300x225.jpg\" width=\"300\" height=\"225\" srcset=\"https:\/\/agora.xtec.cat\/escjoanardevol\/wp-content\/uploads\/usu550\/2013\/10\/IMG_0139-1-300x225.jpg 300w, https:\/\/agora.xtec.cat\/escjoanardevol\/wp-content\/uploads\/usu550\/2013\/10\/IMG_0139-1-768x576.jpg 768w, https:\/\/agora.xtec.cat\/escjoanardevol\/wp-content\/uploads\/usu550\/2013\/10\/IMG_0139-1-1024x768.jpg 1024w, https:\/\/agora.xtec.cat\/escjoanardevol\/wp-content\/uploads\/usu550\/2013\/10\/IMG_0139-1-200x150.jpg 200w, https:\/\/agora.xtec.cat\/escjoanardevol\/wp-content\/uploads\/usu550\/2013\/10\/IMG_0139-1.jpg 2048w\" sizes=\"auto, (max-width: 300px) 100vw, 300px\" \/><\/a> <a href=\"http:\/\/agora.xtec.cat\/escjoanardevol\/wp-content\/uploads\/usu550\/2013\/10\/DSC07064.jpg\"><img loading=\"lazy\" decoding=\"async\" class=\"alignright size-medium wp-image-1803\" alt=\"5B planetes\" src=\"http:\/\/agora.xtec.cat\/escjoanardevol\/wp-content\/uploads\/usu550\/2013\/10\/DSC07064-300x225.jpg\" width=\"300\" height=\"225\" \/><\/a><\/p>\n","protected":false},"excerpt":{"rendered":"<p>Els alumnes de cinqu\u00e8 hem estat treballant l&#8217;Univers. Hem apr\u00e8s moltes coses i per finalitzar el tema i com a resum, hem fet unes maquetes del Sistema Solar realment magn\u00edfiques!<br \/>\nLes hem exposat a la secretaria de l&#8217;escola i fan molt de goig.<br \/>\nSeguirem treballant dur per&hellip;  <a href=\"https:\/\/agora.xtec.cat\/escjoanardevol\/general\/activitats-dun-altre-planeta\/\" title=\"Read Activitats d&#8217;un altre planeta!\">Llegeix m\u00e9s\u00bb<\/a><\/p>\n","protected":false},"author":1,"featured_media":0,"comment_status":"open","ping_status":"open","sticky":false,"template":"","format":"standard","meta":{"_bbp_topic_count":0,"_bbp_reply_count":0,"_bbp_total_topic_count":0,"_bbp_total_reply_count":0,"_bbp_voice_count":0,"_bbp_anonymous_reply_count":0,"_bbp_topic_count_hidden":0,"_bbp_reply_count_hidden":0,"_bbp_forum_subforum_count":0,"footnotes":""},"categories":[14,1],"tags":[82,140,156,182],"class_list":["post-1724","post","type-post","status-publish","format-standard","hentry","category-5e","category-general","tag-cinque","tag-medi","tag-planetes","tag-treball"],"post_mailing_queue_ids":[],"_links":{"self":[{"href":"https:\/\/agora.xtec.cat\/escjoanardevol\/wp-json\/wp\/v2\/posts\/1724","targetHints":{"allow":["GET"]}}],"collection":[{"href":"https:\/\/agora.xtec.cat\/escjoanardevol\/wp-json\/wp\/v2\/posts"}],"about":[{"href":"https:\/\/agora.xtec.cat\/escjoanardevol\/wp-json\/wp\/v2\/types\/post"}],"author":[{"embeddable":true,"href":"https:\/\/agora.xtec.cat\/escjoanardevol\/wp-json\/wp\/v2\/users\/1"}],"replies":[{"embeddable":true,"href":"https:\/\/agora.xtec.cat\/escjoanardevol\/wp-json\/wp\/v2\/comments?post=1724"}],"version-history":[{"count":0,"href":"https:\/\/agora.xtec.cat\/escjoanardevol\/wp-json\/wp\/v2\/posts\/1724\/revisions"}],"wp:attachment":[{"href":"https:\/\/agora.xtec.cat\/escjoanardevol\/wp-json\/wp\/v2\/media?parent=1724"}],"wp:term":[{"taxonomy":"category","embeddable":true,"href":"https:\/\/agora.xtec.cat\/escjoanardevol\/wp-json\/wp\/v2\/categories?post=1724"},{"taxonomy":"post_tag","embeddable":true,"href":"https:\/\/agora.xtec.cat\/escjoanardevol\/wp-json\/wp\/v2\/tags?post=1724"}],"curies":[{"name":"wp","href":"https:\/\/api.w.org\/{rel}","templated":true}]}}