{"id":1718,"date":"2013-10-04T15:45:24","date_gmt":"2013-10-04T15:45:24","guid":{"rendered":"http:\/\/joanardevol.org\/info\/?p=1718"},"modified":"2013-10-04T15:45:24","modified_gmt":"2013-10-04T15:45:24","slug":"lanima-tatuada","status":"publish","type":"post","link":"https:\/\/agora.xtec.cat\/escjoanardevol\/general\/lanima-tatuada\/","title":{"rendered":"L&#8217;\u00e0nima tatuada"},"content":{"rendered":"<p><a title=\"Expo l'\u00e0nima tatuada\" href=\"https:\/\/picasaweb.google.com\/104441221767343032393\/1rExpoTatuatges\" target=\"_blank\"><img loading=\"lazy\" decoding=\"async\" class=\"alignnone  wp-image-1719\" alt=\"1r_Expo_tatuatge_20\" src=\"http:\/\/agora.xtec.cat\/escjoanardevol\/wp-content\/uploads\/usu550\/2013\/10\/1r_Expo_tatuatge_20-1.jpg\" width=\"614\" height=\"450\" \/><\/a><\/p>\n<p>&nbsp;<\/p>\n<p>Els alumnes de 1r i 2n vam visitar l&#8217;exposici\u00f3 l&#8217;\u00e0nima tatuada. Vam veure\u00a040 fotografies amb un denominador com\u00fa: el tatuatge, per\u00f2 no nom\u00e9s com a guarniment, sin\u00f3 m\u00e9s aviat com estil de vida, com a filosofia.<\/p>\n<p>Va ser molt sorprenent!!!<\/p>\n","protected":false},"excerpt":{"rendered":"<p><a title=\"Expo l'\u00e0nima tatuada\" href=\"https:\/\/picasaweb.google.com\/104441221767343032393\/1rExpoTatuatges\" target=\"_blank\"><\/a><br \/>\n&nbsp;<br \/>\nEls alumnes de 1r i 2n vam visitar l&#8217;exposici\u00f3 l&#8217;\u00e0nima tatuada. Vam veure\u00a040 fotografies amb un denominador com\u00fa: el tatuatge, per\u00f2 no nom\u00e9s com a guarniment, sin\u00f3 m\u00e9s aviat com estil de vida, com a filosofia.<br \/>\nVa ser molt sorprenent!!!<\/p>\n","protected":false},"author":1,"featured_media":0,"comment_status":"open","ping_status":"open","sticky":false,"template":"","format":"standard","meta":{"_bbp_topic_count":0,"_bbp_reply_count":0,"_bbp_total_topic_count":0,"_bbp_total_reply_count":0,"_bbp_voice_count":0,"_bbp_anonymous_reply_count":0,"_bbp_topic_count_hidden":0,"_bbp_reply_count_hidden":0,"_bbp_forum_subforum_count":0,"footnotes":""},"categories":[1],"tags":[],"class_list":["post-1718","post","type-post","status-publish","format-standard","hentry","category-general"],"post_mailing_queue_ids":[],"_links":{"self":[{"href":"https:\/\/agora.xtec.cat\/escjoanardevol\/wp-json\/wp\/v2\/posts\/1718","targetHints":{"allow":["GET"]}}],"collection":[{"href":"https:\/\/agora.xtec.cat\/escjoanardevol\/wp-json\/wp\/v2\/posts"}],"about":[{"href":"https:\/\/agora.xtec.cat\/escjoanardevol\/wp-json\/wp\/v2\/types\/post"}],"author":[{"embeddable":true,"href":"https:\/\/agora.xtec.cat\/escjoanardevol\/wp-json\/wp\/v2\/users\/1"}],"replies":[{"embeddable":true,"href":"https:\/\/agora.xtec.cat\/escjoanardevol\/wp-json\/wp\/v2\/comments?post=1718"}],"version-history":[{"count":0,"href":"https:\/\/agora.xtec.cat\/escjoanardevol\/wp-json\/wp\/v2\/posts\/1718\/revisions"}],"wp:attachment":[{"href":"https:\/\/agora.xtec.cat\/escjoanardevol\/wp-json\/wp\/v2\/media?parent=1718"}],"wp:term":[{"taxonomy":"category","embeddable":true,"href":"https:\/\/agora.xtec.cat\/escjoanardevol\/wp-json\/wp\/v2\/categories?post=1718"},{"taxonomy":"post_tag","embeddable":true,"href":"https:\/\/agora.xtec.cat\/escjoanardevol\/wp-json\/wp\/v2\/tags?post=1718"}],"curies":[{"name":"wp","href":"https:\/\/api.w.org\/{rel}","templated":true}]}}