{"id":1693,"date":"2013-09-13T14:35:32","date_gmt":"2013-09-13T14:35:32","guid":{"rendered":"http:\/\/joanardevol.org\/info\/?p=1693"},"modified":"2013-09-13T14:35:32","modified_gmt":"2013-09-13T14:35:32","slug":"adaptacio-nous-alumnes-de-p3","status":"publish","type":"post","link":"https:\/\/agora.xtec.cat\/escjoanardevol\/general\/adaptacio-nous-alumnes-de-p3\/","title":{"rendered":"Adaptaci\u00f3 nous alumnes de P3"},"content":{"rendered":"<p>Ja ha comen\u00e7at l&#8217;escola i els nous nens i nenes de P3 s&#8217;estan adaptant la mar de b\u00e9.<\/p>\n<p>Mireu quines fotos m\u00e9s\u00a0maques!<\/p>\n<p><a title=\"Adaptaci\u00f3 P3\" href=\"https:\/\/picasaweb.google.com\/104441221767343032393\/AdaptacioP3#\" target=\"_blank\"><img loading=\"lazy\" decoding=\"async\" class=\"alignnone  wp-image-1694\" alt=\"adaptacio_P3_014\" src=\"http:\/\/agora.xtec.cat\/escjoanardevol\/wp-content\/uploads\/usu550\/2013\/09\/adaptacio_P3_014-1.jpg\" width=\"614\" height=\"461\" \/><\/a><\/p>\n<p>Cliqueu a la foto per veure-les totes.<\/p>\n<p>&nbsp;<\/p>\n","protected":false},"excerpt":{"rendered":"<p>Ja ha comen\u00e7at l&#8217;escola i els nous nens i nenes de P3 s&#8217;estan adaptant la mar de b\u00e9.<br \/>\nMireu quines fotos m\u00e9s\u00a0maques!<br \/>\n<a title=\"Adaptaci\u00f3 P3\" href=\"https:\/\/picasaweb.google.com\/104441221767343032393\/AdaptacioP3#\" target=\"_blank\"><\/a><br \/>\nCliqueu a la foto per veure-les totes.<br \/>\n&nbsp;<\/p>\n","protected":false},"author":1,"featured_media":0,"comment_status":"open","ping_status":"open","sticky":false,"template":"","format":"standard","meta":{"_bbp_topic_count":0,"_bbp_reply_count":0,"_bbp_total_topic_count":0,"_bbp_total_reply_count":0,"_bbp_voice_count":0,"_bbp_anonymous_reply_count":0,"_bbp_topic_count_hidden":0,"_bbp_reply_count_hidden":0,"_bbp_forum_subforum_count":0,"footnotes":""},"categories":[1,2],"tags":[59,93,103],"class_list":["post-1693","post","type-post","status-publish","format-standard","hentry","category-general","category-infantil","tag-activitats","tag-convivencia","tag-educacio-infantil"],"post_mailing_queue_ids":[],"_links":{"self":[{"href":"https:\/\/agora.xtec.cat\/escjoanardevol\/wp-json\/wp\/v2\/posts\/1693","targetHints":{"allow":["GET"]}}],"collection":[{"href":"https:\/\/agora.xtec.cat\/escjoanardevol\/wp-json\/wp\/v2\/posts"}],"about":[{"href":"https:\/\/agora.xtec.cat\/escjoanardevol\/wp-json\/wp\/v2\/types\/post"}],"author":[{"embeddable":true,"href":"https:\/\/agora.xtec.cat\/escjoanardevol\/wp-json\/wp\/v2\/users\/1"}],"replies":[{"embeddable":true,"href":"https:\/\/agora.xtec.cat\/escjoanardevol\/wp-json\/wp\/v2\/comments?post=1693"}],"version-history":[{"count":0,"href":"https:\/\/agora.xtec.cat\/escjoanardevol\/wp-json\/wp\/v2\/posts\/1693\/revisions"}],"wp:attachment":[{"href":"https:\/\/agora.xtec.cat\/escjoanardevol\/wp-json\/wp\/v2\/media?parent=1693"}],"wp:term":[{"taxonomy":"category","embeddable":true,"href":"https:\/\/agora.xtec.cat\/escjoanardevol\/wp-json\/wp\/v2\/categories?post=1693"},{"taxonomy":"post_tag","embeddable":true,"href":"https:\/\/agora.xtec.cat\/escjoanardevol\/wp-json\/wp\/v2\/tags?post=1693"}],"curies":[{"name":"wp","href":"https:\/\/api.w.org\/{rel}","templated":true}]}}