{"id":1680,"date":"2013-07-05T20:31:38","date_gmt":"2013-07-05T20:31:38","guid":{"rendered":"http:\/\/joanardevol.org\/info\/?p=1680"},"modified":"2013-07-05T20:31:38","modified_gmt":"2013-07-05T20:31:38","slug":"bon-estiu","status":"publish","type":"post","link":"https:\/\/agora.xtec.cat\/escjoanardevol\/general\/bon-estiu\/","title":{"rendered":"Bon estiu!"},"content":{"rendered":"<p>Us desitgem un bon estiu i us mostrem la foto de grup dels alumnes de 6\u00e8 que enguany ens deixen. Els desitgem molta sort!<\/p>\n<p><a href=\"https:\/\/picasaweb.google.com\/lh\/photo\/YXnKDz9QXMbB4P0gVCx55NMTjNZETYmyPJy0liipFm0?feat=directlink\" target=\"_blank\"><img loading=\"lazy\" decoding=\"async\" class=\"alignnone\" alt=\"\" src=\"https:\/\/lh4.googleusercontent.com\/-C_VvcNow1sg\/UdcsHCjwr8I\/AAAAAAAAJ4w\/Pleknp9Fd2s\/s720\/ardevol_foto6-2013-25%25252.jpg\" width=\"504\" height=\"343\" \/><\/a><\/p>\n<p>La tutora de 6\u00e8B, Teresa Guinovart, ha escrit un text dedicat als alumnes de sis\u00e8:<\/p>\n<p>&#8220;Mirava el mar, la llum del sol reflectida, la for\u00e7a, les onades, l\u2019optimisme. Feia la serenor i a la vegada sentia l\u2019alegria de l\u2019aire fresc fregant sa pell. Divisant l\u2019horitz\u00f3 li sembl\u00e0 detectar un \u00e9sser especial, intel\u00b7ligent, que l\u2019atreia, que el cridava, una rialla s\u00e0via. De no ser pel gran blau s\u2019hauria capbussat per anar-lo a cercar.<\/p>\n<p>A poc a poc caigu\u00e9 en un son profund, suau i, a la sorra de la platja tot s\u2019atur\u00e0. Tancant els ulls, en silenci, s\u2019adon\u00e0, que aquell ser magn\u00edfic, perfecte i triomfant era ell, ella; ho aconseguiria, havia apr\u00e8s a aprehendre, havia apr\u00e8s a, fer-se gran.<\/p>\n<p>A cada alumne que m\u2019ha ajudat a aprehendre cada dia una mica m\u00e9s.&#8221;<\/p>\n<p><em>M\u00aa Teresa Guinovart Gual<\/em><\/p>\n","protected":false},"excerpt":{"rendered":"<p>Us desitgem un bon estiu i us mostrem la foto de grup dels alumnes de 6\u00e8 que enguany ens deixen. Els desitgem molta sort!<br \/>\n<a href=\"https:\/\/picasaweb.google.com\/lh\/photo\/YXnKDz9QXMbB4P0gVCx55NMTjNZETYmyPJy0liipFm0?feat=directlink\" target=\"_blank\"><\/a><br \/>\nLa tutora de 6\u00e8B, Teresa Guinovart, ha escrit un text dedicat als alumnes de sis\u00e8:<br \/>\n&#8220;Mirava el mar, la llum del&hellip;  <a href=\"https:\/\/agora.xtec.cat\/escjoanardevol\/general\/bon-estiu\/\" title=\"Read Bon estiu!\">Llegeix m\u00e9s\u00bb<\/a><\/p>\n","protected":false},"author":1,"featured_media":0,"comment_status":"open","ping_status":"open","sticky":false,"template":"","format":"standard","meta":{"_bbp_topic_count":0,"_bbp_reply_count":0,"_bbp_total_topic_count":0,"_bbp_total_reply_count":0,"_bbp_voice_count":0,"_bbp_anonymous_reply_count":0,"_bbp_topic_count_hidden":0,"_bbp_reply_count_hidden":0,"_bbp_forum_subforum_count":0,"footnotes":""},"categories":[1],"tags":[116],"class_list":["post-1680","post","type-post","status-publish","format-standard","hentry","category-general","tag-fotos"],"post_mailing_queue_ids":[],"_links":{"self":[{"href":"https:\/\/agora.xtec.cat\/escjoanardevol\/wp-json\/wp\/v2\/posts\/1680","targetHints":{"allow":["GET"]}}],"collection":[{"href":"https:\/\/agora.xtec.cat\/escjoanardevol\/wp-json\/wp\/v2\/posts"}],"about":[{"href":"https:\/\/agora.xtec.cat\/escjoanardevol\/wp-json\/wp\/v2\/types\/post"}],"author":[{"embeddable":true,"href":"https:\/\/agora.xtec.cat\/escjoanardevol\/wp-json\/wp\/v2\/users\/1"}],"replies":[{"embeddable":true,"href":"https:\/\/agora.xtec.cat\/escjoanardevol\/wp-json\/wp\/v2\/comments?post=1680"}],"version-history":[{"count":0,"href":"https:\/\/agora.xtec.cat\/escjoanardevol\/wp-json\/wp\/v2\/posts\/1680\/revisions"}],"wp:attachment":[{"href":"https:\/\/agora.xtec.cat\/escjoanardevol\/wp-json\/wp\/v2\/media?parent=1680"}],"wp:term":[{"taxonomy":"category","embeddable":true,"href":"https:\/\/agora.xtec.cat\/escjoanardevol\/wp-json\/wp\/v2\/categories?post=1680"},{"taxonomy":"post_tag","embeddable":true,"href":"https:\/\/agora.xtec.cat\/escjoanardevol\/wp-json\/wp\/v2\/tags?post=1680"}],"curies":[{"name":"wp","href":"https:\/\/api.w.org\/{rel}","templated":true}]}}