{"id":1672,"date":"2013-06-24T22:23:31","date_gmt":"2013-06-24T22:23:31","guid":{"rendered":"http:\/\/joanardevol.org\/info\/?p=1672"},"modified":"2013-06-24T22:23:31","modified_gmt":"2013-06-24T22:23:31","slug":"festa-final-de-curs","status":"publish","type":"post","link":"https:\/\/agora.xtec.cat\/escjoanardevol\/general\/festa-final-de-curs\/","title":{"rendered":"Festa final de curs"},"content":{"rendered":"<p>El passat 21 de juny vam celebrar la festa de final de curs. A Educaci\u00f3 infantil vam fer la festa de l&#8217;aigua i a Educaci\u00f3 prim\u00e0ria vam fer el festival al Parc del Pinaret.<\/p>\n<p>Podeu veure els \u00e0lbum de fotos clicant damunt de les imatges:<\/p>\n<table border=\"0\" cellpadding=\"1\">\n<tbody>\n<tr>\n<td>\n<div style=\"text-align: left;\"><\/div>\n<p><figure class=\"figure wp-caption alignnone\"><a href=\"https:\/\/picasaweb.google.com\/104461973599168246855\/FestaAiguaInfantil#\" target=\"_blank\"><img loading=\"lazy\" decoding=\"async\" class=\" wp-image-1674 \" alt=\"IMG_1260\" src=\"http:\/\/agora.xtec.cat\/escjoanardevol\/wp-content\/uploads\/usu550\/2013\/06\/IMG_1260-1.jpg\" width=\"268\" height=\"201\" \/><\/a><figcaption class=\"wp-caption-text\">Festa de l&#8217;aigua a Educaci\u00f3 Infantil<\/figcaption><\/figure><\/td>\n<td>\n<p><figure class=\"figure wp-caption alignnone\"><a href=\"https:\/\/picasaweb.google.com\/104461973599168246855\/FestivalFinalCursPrimaria#\" target=\"_blank\"><img loading=\"lazy\" decoding=\"async\" class=\" wp-image-1675 \" alt=\"DSC_0383\" src=\"http:\/\/agora.xtec.cat\/escjoanardevol\/wp-content\/uploads\/usu550\/2013\/06\/DSC_0383-1.jpg\" width=\"268\" height=\"201\" \/><\/a><figcaption class=\"wp-caption-text\">Festival a Educaci\u00f3 Prim\u00e0ria<\/figcaption><\/figure><\/td>\n<\/tr>\n<\/tbody>\n<\/table>\n","protected":false},"excerpt":{"rendered":"<p>El passat 21 de juny vam celebrar la festa de final de curs. A Educaci\u00f3 infantil vam fer la festa de l&#8217;aigua i a Educaci\u00f3 prim\u00e0ria vam fer el festival al Parc del Pinaret.<br \/>\nPodeu veure els \u00e0lbum de fotos clicant damunt de les imatges:<\/p>\n<p><a href=\"https:\/\/picasaweb.google.com\/104461973599168246855\/FestaAiguaInfantil#\"&hellip;  <a href=\"https:\/\/agora.xtec.cat\/escjoanardevol\/general\/festa-final-de-curs\/\" title=\"Read Festa final de curs\">Llegeix m\u00e9s\u00bb<\/a><\/p>\n","protected":false},"author":1,"featured_media":0,"comment_status":"open","ping_status":"open","sticky":false,"template":"","format":"standard","meta":{"_bbp_topic_count":0,"_bbp_reply_count":0,"_bbp_total_topic_count":0,"_bbp_total_reply_count":0,"_bbp_voice_count":0,"_bbp_anonymous_reply_count":0,"_bbp_topic_count_hidden":0,"_bbp_reply_count_hidden":0,"_bbp_forum_subforum_count":0,"footnotes":""},"categories":[10,12,14,1,2],"tags":[59,115],"class_list":["post-1672","post","type-post","status-publish","format-standard","hentry","category-1r","category-3r","category-5e","category-general","category-infantil","tag-activitats","tag-festes"],"post_mailing_queue_ids":[],"_links":{"self":[{"href":"https:\/\/agora.xtec.cat\/escjoanardevol\/wp-json\/wp\/v2\/posts\/1672","targetHints":{"allow":["GET"]}}],"collection":[{"href":"https:\/\/agora.xtec.cat\/escjoanardevol\/wp-json\/wp\/v2\/posts"}],"about":[{"href":"https:\/\/agora.xtec.cat\/escjoanardevol\/wp-json\/wp\/v2\/types\/post"}],"author":[{"embeddable":true,"href":"https:\/\/agora.xtec.cat\/escjoanardevol\/wp-json\/wp\/v2\/users\/1"}],"replies":[{"embeddable":true,"href":"https:\/\/agora.xtec.cat\/escjoanardevol\/wp-json\/wp\/v2\/comments?post=1672"}],"version-history":[{"count":0,"href":"https:\/\/agora.xtec.cat\/escjoanardevol\/wp-json\/wp\/v2\/posts\/1672\/revisions"}],"wp:attachment":[{"href":"https:\/\/agora.xtec.cat\/escjoanardevol\/wp-json\/wp\/v2\/media?parent=1672"}],"wp:term":[{"taxonomy":"category","embeddable":true,"href":"https:\/\/agora.xtec.cat\/escjoanardevol\/wp-json\/wp\/v2\/categories?post=1672"},{"taxonomy":"post_tag","embeddable":true,"href":"https:\/\/agora.xtec.cat\/escjoanardevol\/wp-json\/wp\/v2\/tags?post=1672"}],"curies":[{"name":"wp","href":"https:\/\/api.w.org\/{rel}","templated":true}]}}