{"id":1666,"date":"2013-06-15T09:26:22","date_gmt":"2013-06-15T09:26:22","guid":{"rendered":"http:\/\/joanardevol.org\/info\/?p=1666"},"modified":"2013-06-15T09:26:22","modified_gmt":"2013-06-15T09:26:22","slug":"colonies-de-6e","status":"publish","type":"post","link":"https:\/\/agora.xtec.cat\/escjoanardevol\/general\/colonies-de-6e\/","title":{"rendered":"Col\u00f2nies de 6\u00e8"},"content":{"rendered":"<p>Els alumnes de sis\u00e8 han anat de col\u00f2nies a la casa del Collell a les terres volc\u00e0niques de la Garrotxa i el Pla de l&#8217;Estany a la localitat de Sant Miquel de Campmajor. La casa est\u00e0 envoltada de 150 hect\u00e0rees de paratge natural al costat de l&#8217;Ermita de Santa Maria del Collell.<br \/>\nEls nens i les nenes han passat tres dies junts i han servit per a la realitzaci\u00f3 conjunta d&#8217;activitats engrescadores. Les activitats que s&#8217;han fet s\u00f3n les seg\u00fcents:<br \/>\nDescoberta de l&#8217;entorn natural, excursions en bicicleta, tallers, esports d&#8217;aventura, h\u00edpica, quads i molts jocs divertits.<br \/>\nTots i totes hem gaudit molt d&#8217;aquestes activitats!<\/p>\n<p><object width=\"600\" height=\"400\" classid=\"clsid:d27cdb6e-ae6d-11cf-96b8-444553540000\" codebase=\"http:\/\/download.macromedia.com\/pub\/shockwave\/cabs\/flash\/swflash.cab#version=6,0,40,0\"><param name=\"src\" value=\"https:\/\/static.googleusercontent.com\/external_content\/picasaweb.googleusercontent.com\/slideshow.swf\" \/><param name=\"flashvars\" value=\"host=picasaweb.google.com&amp;hl=ca&amp;feat=flashalbum&amp;RGB=0x000000&amp;feed=https%3A%2F%2Fpicasaweb.google.com%2Fdata%2Ffeed%2Fapi%2Fuser%2F104461973599168246855%2Falbumid%2F5889235011505208641%3Falt%3Drss%26kind%3Dphoto%26hl%3Dca\" \/><param name=\"pluginspage\" value=\"http:\/\/www.macromedia.com\/go\/getflashplayer\" \/><embed width=\"600\" height=\"400\" type=\"application\/x-shockwave-flash\" src=\"https:\/\/static.googleusercontent.com\/external_content\/picasaweb.googleusercontent.com\/slideshow.swf\" flashvars=\"host=picasaweb.google.com&amp;hl=ca&amp;feat=flashalbum&amp;RGB=0x000000&amp;feed=https%3A%2F%2Fpicasaweb.google.com%2Fdata%2Ffeed%2Fapi%2Fuser%2F104461973599168246855%2Falbumid%2F5889235011505208641%3Falt%3Drss%26kind%3Dphoto%26hl%3Dca\" pluginspage=\"http:\/\/www.macromedia.com\/go\/getflashplayer\" \/><\/object><\/p>\n<p>Tamb\u00e9 podeu veure totes les fotos visitant\u00a0<a title=\"\u00e0lbum col\u00f2nies 6\u00e8\" href=\"https:\/\/picasaweb.google.com\/104461973599168246855\/Colonies6e#\" target=\"_blank\">l&#8217;\u00e0lbum de les col\u00f2nies de sis\u00e8<\/a>.<\/p>\n","protected":false},"excerpt":{"rendered":"<p>Els alumnes de sis\u00e8 han anat de col\u00f2nies a la casa del Collell a les terres volc\u00e0niques de la Garrotxa i el Pla de l&#8217;Estany a la localitat de Sant Miquel de Campmajor. La casa est\u00e0 envoltada de 150 hect\u00e0rees de paratge natural al costat&hellip;  <a href=\"https:\/\/agora.xtec.cat\/escjoanardevol\/general\/colonies-de-6e\/\" title=\"Read Col\u00f2nies de 6\u00e8\">Llegeix m\u00e9s\u00bb<\/a><\/p>\n","protected":false},"author":1,"featured_media":0,"comment_status":"open","ping_status":"open","sticky":false,"template":"","format":"standard","meta":{"_bbp_topic_count":0,"_bbp_reply_count":0,"_bbp_total_topic_count":0,"_bbp_total_reply_count":0,"_bbp_voice_count":0,"_bbp_anonymous_reply_count":0,"_bbp_topic_count_hidden":0,"_bbp_reply_count_hidden":0,"_bbp_forum_subforum_count":0,"footnotes":""},"categories":[14,1],"tags":[77,93,16,189],"class_list":["post-1666","post","type-post","status-publish","format-standard","hentry","category-5e","category-general","tag-cicle-superior-2","tag-convivencia","tag-sortides","tag-volcans"],"post_mailing_queue_ids":[],"_links":{"self":[{"href":"https:\/\/agora.xtec.cat\/escjoanardevol\/wp-json\/wp\/v2\/posts\/1666","targetHints":{"allow":["GET"]}}],"collection":[{"href":"https:\/\/agora.xtec.cat\/escjoanardevol\/wp-json\/wp\/v2\/posts"}],"about":[{"href":"https:\/\/agora.xtec.cat\/escjoanardevol\/wp-json\/wp\/v2\/types\/post"}],"author":[{"embeddable":true,"href":"https:\/\/agora.xtec.cat\/escjoanardevol\/wp-json\/wp\/v2\/users\/1"}],"replies":[{"embeddable":true,"href":"https:\/\/agora.xtec.cat\/escjoanardevol\/wp-json\/wp\/v2\/comments?post=1666"}],"version-history":[{"count":0,"href":"https:\/\/agora.xtec.cat\/escjoanardevol\/wp-json\/wp\/v2\/posts\/1666\/revisions"}],"wp:attachment":[{"href":"https:\/\/agora.xtec.cat\/escjoanardevol\/wp-json\/wp\/v2\/media?parent=1666"}],"wp:term":[{"taxonomy":"category","embeddable":true,"href":"https:\/\/agora.xtec.cat\/escjoanardevol\/wp-json\/wp\/v2\/categories?post=1666"},{"taxonomy":"post_tag","embeddable":true,"href":"https:\/\/agora.xtec.cat\/escjoanardevol\/wp-json\/wp\/v2\/tags?post=1666"}],"curies":[{"name":"wp","href":"https:\/\/api.w.org\/{rel}","templated":true}]}}