{"id":1658,"date":"2013-06-07T08:20:33","date_gmt":"2013-06-07T08:20:33","guid":{"rendered":"http:\/\/joanardevol.org\/info\/?p=1658"},"modified":"2013-06-07T08:20:33","modified_gmt":"2013-06-07T08:20:33","slug":"excursio-a-pratdip","status":"publish","type":"post","link":"https:\/\/agora.xtec.cat\/escjoanardevol\/general\/excursio-a-pratdip\/","title":{"rendered":"Excursi\u00f3 a Pratdip"},"content":{"rendered":"<p>Els nens i nenes de 3r i 4t hem anat a Pratidip. \u00c9s un poblet molt bonic, petit i amb moltes pujades perqu\u00e8 est\u00e0 a un tur\u00f3. Hem fet una descoberta en grup de tres per saber coses del poble. Hem caminat quatre quil\u00f2metres fins a l&#8217;ermita de Santa Marina, a on hem\u00a0 dinat. Ens han explicat tres llegendes, i hem tastat l&#8217;aigua que \u00e9s molt bona, perqu\u00e8 ve directament de les muntanyes, hem omplert les ampolles d&#8217;aigua, i les hem pres a casa, perqu\u00e8 els pares la provessin. Hem dibuixat l&#8217;ermita de Santa Maria.<\/p>\n<p>[nggallery id=7]<\/p>\n<p>Totes les fotos les podeu veure a: <a title=\"Excursi\u00f3 CM a Pratdip\" href=\"https:\/\/picasaweb.google.com\/104461973599168246855\/SortidaPratdipCM#\" target=\"_blank\">Excursi\u00f3 CM a Pratdip<\/a><\/p>\n","protected":false},"excerpt":{"rendered":"<p>Els nens i nenes de 3r i 4t hem anat a Pratidip. \u00c9s un poblet molt bonic, petit i amb moltes pujades perqu\u00e8 est\u00e0 a un tur\u00f3. Hem fet una descoberta en grup de tres per saber coses del poble. Hem caminat quatre quil\u00f2metres fins&hellip;  <a href=\"https:\/\/agora.xtec.cat\/escjoanardevol\/general\/excursio-a-pratdip\/\" title=\"Read Excursi\u00f3 a Pratdip\">Llegeix m\u00e9s\u00bb<\/a><\/p>\n","protected":false},"author":1,"featured_media":0,"comment_status":"open","ping_status":"open","sticky":false,"template":"","format":"standard","meta":{"_bbp_topic_count":0,"_bbp_reply_count":0,"_bbp_total_topic_count":0,"_bbp_total_reply_count":0,"_bbp_voice_count":0,"_bbp_anonymous_reply_count":0,"_bbp_topic_count_hidden":0,"_bbp_reply_count_hidden":0,"_bbp_forum_subforum_count":0,"footnotes":""},"categories":[12,1],"tags":[76,93,94,16],"class_list":["post-1658","post","type-post","status-publish","format-standard","hentry","category-3r","category-general","tag-cicle-mitja","tag-convivencia","tag-cooperacio","tag-sortides"],"post_mailing_queue_ids":[],"_links":{"self":[{"href":"https:\/\/agora.xtec.cat\/escjoanardevol\/wp-json\/wp\/v2\/posts\/1658","targetHints":{"allow":["GET"]}}],"collection":[{"href":"https:\/\/agora.xtec.cat\/escjoanardevol\/wp-json\/wp\/v2\/posts"}],"about":[{"href":"https:\/\/agora.xtec.cat\/escjoanardevol\/wp-json\/wp\/v2\/types\/post"}],"author":[{"embeddable":true,"href":"https:\/\/agora.xtec.cat\/escjoanardevol\/wp-json\/wp\/v2\/users\/1"}],"replies":[{"embeddable":true,"href":"https:\/\/agora.xtec.cat\/escjoanardevol\/wp-json\/wp\/v2\/comments?post=1658"}],"version-history":[{"count":0,"href":"https:\/\/agora.xtec.cat\/escjoanardevol\/wp-json\/wp\/v2\/posts\/1658\/revisions"}],"wp:attachment":[{"href":"https:\/\/agora.xtec.cat\/escjoanardevol\/wp-json\/wp\/v2\/media?parent=1658"}],"wp:term":[{"taxonomy":"category","embeddable":true,"href":"https:\/\/agora.xtec.cat\/escjoanardevol\/wp-json\/wp\/v2\/categories?post=1658"},{"taxonomy":"post_tag","embeddable":true,"href":"https:\/\/agora.xtec.cat\/escjoanardevol\/wp-json\/wp\/v2\/tags?post=1658"}],"curies":[{"name":"wp","href":"https:\/\/api.w.org\/{rel}","templated":true}]}}