{"id":1644,"date":"2013-06-05T10:37:39","date_gmt":"2013-06-05T10:37:39","guid":{"rendered":"http:\/\/joanardevol.org\/info\/?p=1644"},"modified":"2013-06-05T10:37:39","modified_gmt":"2013-06-05T10:37:39","slug":"visita-del-director-dels-st-dagricultura","status":"publish","type":"post","link":"https:\/\/agora.xtec.cat\/escjoanardevol\/general\/visita-del-director-dels-st-dagricultura\/","title":{"rendered":"Visita del director dels ST d&#8217;agricultura"},"content":{"rendered":"<p>El director dels Serveis Territorials d&#8217;agricultura, sr. Anton Ballv\u00e9, juntament amb el cap de secci\u00f3 d&#8217;ind\u00fastries i comercialitzaci\u00f3, sr. Francesc Xavier Vicens, ens van visitar a l&#8217;escola el 4 de juny pel mat\u00ed.<\/p>\n<p>La visita s&#8217;emmarca dins el pla de consum de fruita a les escoles, en el programa finan\u00e7at per la Uni\u00f3 Europea &#8220;A l&#8217;escola la fruita entra sola&#8221; en la que la nostra escola en pren part. Durant la seva visita van poder veure la feina que els nostres alumnes de 3r fan a l&#8217;hort, en el que hi planten enciams, tom\u00e0quets, pastanagues, br\u00f2quils, faves, cebes, alls, etc&#8230; A m\u00e9s, tenim un llimoner, una pomera i un mandariner. L&#8217;hort fa molt de goig!!<br \/>\n[nggallery id=4]<\/p>\n<p>Tamb\u00e9 podeu veure <a title=\"Visita director ST Agricultura\" href=\"https:\/\/picasaweb.google.com\/104461973599168246855\/VisitaDelDirectorDelsSTDAgricultura#\" target=\"_blank\">TOTES les fotos de la visita<\/a>.<\/p>\n<p>Despr\u00e9s, van visitar les aules d&#8217;educaci\u00f3 infantil i cicle inicial on van poder veure diverses activitats que hav\u00edem preparat al voltant de la fruita: P3 va fer un joc en qu\u00e8 cada fruita havia de localitzar el seu arbre, P4, al pati, relacionaven colors amb la fruita corresponent mentre cantaven una can\u00e7\u00f3. P5 va fer tota una coreografia sobre la can\u00e7\u00f3 &#8220;9 pometes t\u00e9 el pomer&#8221;. A Cicle Inicial hi va haver diverses activitats, com &#8220;La poma imagin\u00e0ria&#8221;, les propietats de les fruites, etc.<\/p>\n<p>[nggallery id=5]<\/p>\n<p>Al final tots vam acabar menjant poma!!<\/p>\n<p>Podeu veure les fotos de l&#8217;hort clicant al seg\u00fcent enlla\u00e7: <a title=\"hort\" href=\"https:\/\/picasaweb.google.com\/104461973599168246855\/HortEscolar\" target=\"_blank\">HORT JOAN ARD\u00c8VOL<\/a><\/p>\n<p>A la Generalitat de Catalunya van publicar una nota de premsa:<\/p>\n<p><a href=\"http:\/\/premsa.gencat.cat\/pres_fsvp\/AppJava\/notapremsavw\/detall.do?id=201929&amp;idioma=0&amp;departament=10&amp;canal=11\" target=\"_blank\"><img loading=\"lazy\" decoding=\"async\" class=\"alignnone\" alt=\"\" src=\"http:\/\/gencat.cat\/piv\/css\/comuns\/img\/gcc_fs_logogeneralitat.gif\" width=\"186\" height=\"30\" \/><\/a><\/p>\n<p>La revista Cambrils se&#8217;n va fer ress\u00f2 de la visita:<\/p>\n<p><a href=\"http:\/\/www.revistacambrils.com\/index.php?c_noticia=14937\" target=\"_blank\"><img loading=\"lazy\" decoding=\"async\" class=\"alignnone\" alt=\"\" src=\"http:\/\/www.revistacambrils.com\/imatges\/comuns2\/cap.gif\" width=\"486\" height=\"75\" \/><\/a><\/p>\n","protected":false},"excerpt":{"rendered":"<p>El director dels Serveis Territorials d&#8217;agricultura, sr. Anton Ballv\u00e9, juntament amb el cap de secci\u00f3 d&#8217;ind\u00fastries i comercialitzaci\u00f3, sr. Francesc Xavier Vicens, ens van visitar a l&#8217;escola el 4 de juny pel mat\u00ed.<br \/>\nLa visita s&#8217;emmarca dins el pla de consum de fruita a les escoles,&hellip;  <a href=\"https:\/\/agora.xtec.cat\/escjoanardevol\/general\/visita-del-director-dels-st-dagricultura\/\" title=\"Read Visita del director dels ST d&#8217;agricultura\">Llegeix m\u00e9s\u00bb<\/a><\/p>\n","protected":false},"author":1,"featured_media":0,"comment_status":"open","ping_status":"open","sticky":false,"template":"","format":"standard","meta":{"_bbp_topic_count":0,"_bbp_reply_count":0,"_bbp_total_topic_count":0,"_bbp_total_reply_count":0,"_bbp_voice_count":0,"_bbp_anonymous_reply_count":0,"_bbp_topic_count_hidden":0,"_bbp_reply_count_hidden":0,"_bbp_forum_subforum_count":0,"footnotes":""},"categories":[10,1,2],"tags":[59,75,103,121,148],"class_list":["post-1644","post","type-post","status-publish","format-standard","hentry","category-1r","category-general","category-infantil","tag-activitats","tag-cicle-inicial","tag-educacio-infantil","tag-hort","tag-noticies"],"post_mailing_queue_ids":[],"_links":{"self":[{"href":"https:\/\/agora.xtec.cat\/escjoanardevol\/wp-json\/wp\/v2\/posts\/1644","targetHints":{"allow":["GET"]}}],"collection":[{"href":"https:\/\/agora.xtec.cat\/escjoanardevol\/wp-json\/wp\/v2\/posts"}],"about":[{"href":"https:\/\/agora.xtec.cat\/escjoanardevol\/wp-json\/wp\/v2\/types\/post"}],"author":[{"embeddable":true,"href":"https:\/\/agora.xtec.cat\/escjoanardevol\/wp-json\/wp\/v2\/users\/1"}],"replies":[{"embeddable":true,"href":"https:\/\/agora.xtec.cat\/escjoanardevol\/wp-json\/wp\/v2\/comments?post=1644"}],"version-history":[{"count":0,"href":"https:\/\/agora.xtec.cat\/escjoanardevol\/wp-json\/wp\/v2\/posts\/1644\/revisions"}],"wp:attachment":[{"href":"https:\/\/agora.xtec.cat\/escjoanardevol\/wp-json\/wp\/v2\/media?parent=1644"}],"wp:term":[{"taxonomy":"category","embeddable":true,"href":"https:\/\/agora.xtec.cat\/escjoanardevol\/wp-json\/wp\/v2\/categories?post=1644"},{"taxonomy":"post_tag","embeddable":true,"href":"https:\/\/agora.xtec.cat\/escjoanardevol\/wp-json\/wp\/v2\/tags?post=1644"}],"curies":[{"name":"wp","href":"https:\/\/api.w.org\/{rel}","templated":true}]}}