{"id":1635,"date":"2013-06-03T07:43:26","date_gmt":"2013-06-03T07:43:26","guid":{"rendered":"http:\/\/joanardevol.org\/info\/?p=1635"},"modified":"2013-06-03T07:43:26","modified_gmt":"2013-06-03T07:43:26","slug":"landrea-recull-el-premi-pilarin-bayes","status":"publish","type":"post","link":"https:\/\/agora.xtec.cat\/escjoanardevol\/general\/landrea-recull-el-premi-pilarin-bayes\/","title":{"rendered":"L&#8217;Andrea recull el premi Pilar\u00edn Bay\u00e8s"},"content":{"rendered":"<p>El passat 30 de maig, dijous, l&#8217;Andrea va recollir el premi Pilarin Bay\u00e8s. L&#8217;acte de lliurament de premis es va dur a terme a la sala d&#8217;actes de l&#8217;Institut Nacional d&#8217;Educaci\u00f3 F\u00edsica de Catalunya (INEFC), a Barcelona. Va ser un acte molt maco en qu\u00e8 un dels membres del jurat li va fer el lliurament del premi. En el lot de llibres que forma part del premi tamb\u00e9 n&#8217;hi va haver un per a l&#8217;escola. Felicitats Andrea!<\/p>\n<p>[nggallery id=3]<\/p>\n","protected":false},"excerpt":{"rendered":"<p>El passat 30 de maig, dijous, l&#8217;Andrea va recollir el premi Pilarin Bay\u00e8s. L&#8217;acte de lliurament de premis es va dur a terme a la sala d&#8217;actes de l&#8217;Institut Nacional d&#8217;Educaci\u00f3 F\u00edsica de Catalunya (INEFC), a Barcelona. Va ser un acte molt maco en qu\u00e8&hellip;  <a href=\"https:\/\/agora.xtec.cat\/escjoanardevol\/general\/landrea-recull-el-premi-pilarin-bayes\/\" title=\"Read L&#8217;Andrea recull el premi Pilar\u00edn Bay\u00e8s\">Llegeix m\u00e9s\u00bb<\/a><\/p>\n","protected":false},"author":1,"featured_media":0,"comment_status":"open","ping_status":"open","sticky":false,"template":"","format":"standard","meta":{"_bbp_topic_count":0,"_bbp_reply_count":0,"_bbp_total_topic_count":0,"_bbp_total_reply_count":0,"_bbp_voice_count":0,"_bbp_anonymous_reply_count":0,"_bbp_topic_count_hidden":0,"_bbp_reply_count_hidden":0,"_bbp_forum_subforum_count":0,"footnotes":""},"categories":[14,1],"tags":[77,82,89,160],"class_list":["post-1635","post","type-post","status-publish","format-standard","hentry","category-5e","category-general","tag-cicle-superior-2","tag-cinque","tag-concursos","tag-premis"],"post_mailing_queue_ids":[],"_links":{"self":[{"href":"https:\/\/agora.xtec.cat\/escjoanardevol\/wp-json\/wp\/v2\/posts\/1635","targetHints":{"allow":["GET"]}}],"collection":[{"href":"https:\/\/agora.xtec.cat\/escjoanardevol\/wp-json\/wp\/v2\/posts"}],"about":[{"href":"https:\/\/agora.xtec.cat\/escjoanardevol\/wp-json\/wp\/v2\/types\/post"}],"author":[{"embeddable":true,"href":"https:\/\/agora.xtec.cat\/escjoanardevol\/wp-json\/wp\/v2\/users\/1"}],"replies":[{"embeddable":true,"href":"https:\/\/agora.xtec.cat\/escjoanardevol\/wp-json\/wp\/v2\/comments?post=1635"}],"version-history":[{"count":0,"href":"https:\/\/agora.xtec.cat\/escjoanardevol\/wp-json\/wp\/v2\/posts\/1635\/revisions"}],"wp:attachment":[{"href":"https:\/\/agora.xtec.cat\/escjoanardevol\/wp-json\/wp\/v2\/media?parent=1635"}],"wp:term":[{"taxonomy":"category","embeddable":true,"href":"https:\/\/agora.xtec.cat\/escjoanardevol\/wp-json\/wp\/v2\/categories?post=1635"},{"taxonomy":"post_tag","embeddable":true,"href":"https:\/\/agora.xtec.cat\/escjoanardevol\/wp-json\/wp\/v2\/tags?post=1635"}],"curies":[{"name":"wp","href":"https:\/\/api.w.org\/{rel}","templated":true}]}}