{"id":1619,"date":"2013-05-25T09:22:54","date_gmt":"2013-05-25T09:22:54","guid":{"rendered":"http:\/\/joanardevol.org\/info\/?p=1619"},"modified":"2013-05-25T09:22:54","modified_gmt":"2013-05-25T09:22:54","slug":"representacio-teatral-charlie-i-la-fabrica-de-xocolata","status":"publish","type":"post","link":"https:\/\/agora.xtec.cat\/escjoanardevol\/general\/representacio-teatral-charlie-i-la-fabrica-de-xocolata\/","title":{"rendered":"Representaci\u00f3 teatral &#8220;Charlie i la f\u00e0brica de xocolata&#8221;"},"content":{"rendered":"<p>Els dies 22 i 23 de maig vam fer les representacions de &#8220;Charlie i la f\u00e0brica de xocolata&#8221; que s\u00f3n la culminaci\u00f3 de tot un curs de treball per part dels alumnes de l&#8217;escola, des de P3 fins a 6\u00e8, i en la que els alumnes de 5\u00e8 en feien la representaci\u00f3.<br \/>\nEs van fer quatre representacions: el 22 pel mat\u00ed destinada als nens i nenes d&#8217;educaci\u00f3 infantil, per la tarda la van poder veure els de cicle inicial i 4A, el 23 pel mat\u00ed els de 3r, 4B i 6\u00e8.<br \/>\nLa representaci\u00f3 del dia 23 per la tarda va poder ser vista per les fam\u00edlies i convidats. En aquesta representaci\u00f3 ens va acompanyar la sra. alcaldessa, la regidora d&#8217;ensenyament i l&#8217;equip t\u00e8cnic de la regidoria, equips directius d&#8217;altres centres de Cambrils, responsables dels Serveis educatius del Baix Camp, inspecci\u00f3 aix\u00ed com diversos mitjans de comunicaci\u00f3: Tv3, Diari de Tarragona i la Revista Cambrils.<br \/>\nEstem preparant un \u00e0lbum de fotos que il\u00b7lustri les representacions. Mentrestant, podeu veure el ress\u00f2 medi\u00e0tic que va tenir:<\/p>\n<p><a href=\"http:\/\/www.revistacambrils.cat\/index.php?c_noticia=14855\" target=\"_blank\"><img loading=\"lazy\" decoding=\"async\" class=\"alignnone\" title=\"Not\u00edcia a la Revista Cambrils\" alt=\"\" src=\"http:\/\/www.revistacambrils.cat\/imatges\/comuns2\/cap.gif\" width=\"486\" height=\"75\" \/><\/a><\/p>\n<p>A TV3, al telenot\u00edcies comarques, tamb\u00e9 es va poder veure la informaci\u00f3:<\/p>\n<p><iframe loading=\"lazy\" src=\"http:\/\/www.youtube.com\/embed\/dbLP1qGSN-Y?rel=0\" height=\"360\" width=\"480\" allowfullscreen=\"\" frameborder=\"0\"><\/iframe><\/p>\n","protected":false},"excerpt":{"rendered":"<p>Els dies 22 i 23 de maig vam fer les representacions de &#8220;Charlie i la f\u00e0brica de xocolata&#8221; que s\u00f3n la culminaci\u00f3 de tot un curs de treball per part dels alumnes de l&#8217;escola, des de P3 fins a 6\u00e8, i en la que els&hellip;  <a href=\"https:\/\/agora.xtec.cat\/escjoanardevol\/general\/representacio-teatral-charlie-i-la-fabrica-de-xocolata\/\" title=\"Read Representaci\u00f3 teatral &#8220;Charlie i la f\u00e0brica de xocolata&#8221;\">Llegeix m\u00e9s\u00bb<\/a><\/p>\n","protected":false},"author":1,"featured_media":0,"comment_status":"open","ping_status":"open","sticky":false,"template":"","format":"standard","meta":{"_bbp_topic_count":0,"_bbp_reply_count":0,"_bbp_total_topic_count":0,"_bbp_total_reply_count":0,"_bbp_voice_count":0,"_bbp_anonymous_reply_count":0,"_bbp_topic_count_hidden":0,"_bbp_reply_count_hidden":0,"_bbp_forum_subforum_count":0,"footnotes":""},"categories":[1],"tags":[59,93,94,148,180,187],"class_list":["post-1619","post","type-post","status-publish","format-standard","hentry","category-general","tag-activitats","tag-convivencia","tag-cooperacio","tag-noticies","tag-teatre","tag-valors"],"post_mailing_queue_ids":[],"_links":{"self":[{"href":"https:\/\/agora.xtec.cat\/escjoanardevol\/wp-json\/wp\/v2\/posts\/1619","targetHints":{"allow":["GET"]}}],"collection":[{"href":"https:\/\/agora.xtec.cat\/escjoanardevol\/wp-json\/wp\/v2\/posts"}],"about":[{"href":"https:\/\/agora.xtec.cat\/escjoanardevol\/wp-json\/wp\/v2\/types\/post"}],"author":[{"embeddable":true,"href":"https:\/\/agora.xtec.cat\/escjoanardevol\/wp-json\/wp\/v2\/users\/1"}],"replies":[{"embeddable":true,"href":"https:\/\/agora.xtec.cat\/escjoanardevol\/wp-json\/wp\/v2\/comments?post=1619"}],"version-history":[{"count":0,"href":"https:\/\/agora.xtec.cat\/escjoanardevol\/wp-json\/wp\/v2\/posts\/1619\/revisions"}],"wp:attachment":[{"href":"https:\/\/agora.xtec.cat\/escjoanardevol\/wp-json\/wp\/v2\/media?parent=1619"}],"wp:term":[{"taxonomy":"category","embeddable":true,"href":"https:\/\/agora.xtec.cat\/escjoanardevol\/wp-json\/wp\/v2\/categories?post=1619"},{"taxonomy":"post_tag","embeddable":true,"href":"https:\/\/agora.xtec.cat\/escjoanardevol\/wp-json\/wp\/v2\/tags?post=1619"}],"curies":[{"name":"wp","href":"https:\/\/api.w.org\/{rel}","templated":true}]}}