{"id":1614,"date":"2013-05-22T16:07:06","date_gmt":"2013-05-22T16:07:06","guid":{"rendered":"http:\/\/joanardevol.org\/info\/?p=1614"},"modified":"2013-05-22T16:07:06","modified_gmt":"2013-05-22T16:07:06","slug":"exposicio-el-mon-de-roald-dahl","status":"publish","type":"post","link":"https:\/\/agora.xtec.cat\/escjoanardevol\/general\/exposicio-el-mon-de-roald-dahl\/","title":{"rendered":"Exposici\u00f3 &#8220;El M\u00f3n de Roald Dahl&#8221;"},"content":{"rendered":"<p>\u201cEl M\u00f3n de Roald Dahl\u201d, \u00e9s el t\u00edtol de l&#8217;exposici\u00f3 ubicada al vest\u00edbul de l&#8217;escola i que tindr\u00e0 una durada de dos mesos: maig i juny.<\/p>\n<p>L\u2019objectiu de l\u2019exposici\u00f3 ha estat apropar la vida i l\u2019obra del fam\u00f3s escriptor de llengua anglesa, autor de la coneguda novel\u00b7la \u201c<strong>Charlie i la F\u00e0brica de Xocolata<\/strong>\u201d als nostres alumnes.<\/p>\n<p>Tots els nens i les nenes de l&#8217;escola, des de P-3 a 6\u00e8 , han col\u00b7laborat \u00a0amb els seus treballs.<\/p>\n<p>Estem molt contents del resultat. Esperem que a vosaltres tamb\u00e9 us agradi.<\/p>\n<p><a href=\"https:\/\/picasaweb.google.com\/104461973599168246855\/ExpoElMonDeRoaldDahl#\" target=\"_blank\"><img loading=\"lazy\" decoding=\"async\" class=\"alignnone\" alt=\"\" src=\"https:\/\/lh6.googleusercontent.com\/-icvCIW5VGBw\/UZzsQjN_2UI\/AAAAAAAAHws\/ZhKmJ_YNARU\/s720\/expo_roalddahl_01.JPG\" width=\"540\" height=\"720\" \/><\/a><\/p>\n","protected":false},"excerpt":{"rendered":"<p>\u201cEl M\u00f3n de Roald Dahl\u201d, \u00e9s el t\u00edtol de l&#8217;exposici\u00f3 ubicada al vest\u00edbul de l&#8217;escola i que tindr\u00e0 una durada de dos mesos: maig i juny.<br \/>\nL\u2019objectiu de l\u2019exposici\u00f3 ha estat apropar la vida i l\u2019obra del fam\u00f3s escriptor de llengua anglesa, autor de la coneguda&hellip;  <a href=\"https:\/\/agora.xtec.cat\/escjoanardevol\/general\/exposicio-el-mon-de-roald-dahl\/\" title=\"Read Exposici\u00f3 &#8220;El M\u00f3n de Roald Dahl&#8221;\">Llegeix m\u00e9s\u00bb<\/a><\/p>\n","protected":false},"author":1,"featured_media":0,"comment_status":"open","ping_status":"open","sticky":false,"template":"","format":"standard","meta":{"_bbp_topic_count":0,"_bbp_reply_count":0,"_bbp_total_topic_count":0,"_bbp_total_reply_count":0,"_bbp_voice_count":0,"_bbp_anonymous_reply_count":0,"_bbp_topic_count_hidden":0,"_bbp_reply_count_hidden":0,"_bbp_forum_subforum_count":0,"footnotes":""},"categories":[10,12,14,1,2],"tags":[59,93,94,116,148,180,187],"class_list":["post-1614","post","type-post","status-publish","format-standard","hentry","category-1r","category-3r","category-5e","category-general","category-infantil","tag-activitats","tag-convivencia","tag-cooperacio","tag-fotos","tag-noticies","tag-teatre","tag-valors"],"post_mailing_queue_ids":[],"_links":{"self":[{"href":"https:\/\/agora.xtec.cat\/escjoanardevol\/wp-json\/wp\/v2\/posts\/1614","targetHints":{"allow":["GET"]}}],"collection":[{"href":"https:\/\/agora.xtec.cat\/escjoanardevol\/wp-json\/wp\/v2\/posts"}],"about":[{"href":"https:\/\/agora.xtec.cat\/escjoanardevol\/wp-json\/wp\/v2\/types\/post"}],"author":[{"embeddable":true,"href":"https:\/\/agora.xtec.cat\/escjoanardevol\/wp-json\/wp\/v2\/users\/1"}],"replies":[{"embeddable":true,"href":"https:\/\/agora.xtec.cat\/escjoanardevol\/wp-json\/wp\/v2\/comments?post=1614"}],"version-history":[{"count":0,"href":"https:\/\/agora.xtec.cat\/escjoanardevol\/wp-json\/wp\/v2\/posts\/1614\/revisions"}],"wp:attachment":[{"href":"https:\/\/agora.xtec.cat\/escjoanardevol\/wp-json\/wp\/v2\/media?parent=1614"}],"wp:term":[{"taxonomy":"category","embeddable":true,"href":"https:\/\/agora.xtec.cat\/escjoanardevol\/wp-json\/wp\/v2\/categories?post=1614"},{"taxonomy":"post_tag","embeddable":true,"href":"https:\/\/agora.xtec.cat\/escjoanardevol\/wp-json\/wp\/v2\/tags?post=1614"}],"curies":[{"name":"wp","href":"https:\/\/api.w.org\/{rel}","templated":true}]}}