{"id":1600,"date":"2013-05-15T15:51:05","date_gmt":"2013-05-15T15:51:05","guid":{"rendered":"http:\/\/joanardevol.org\/info\/?p=1600"},"modified":"2013-05-15T15:51:05","modified_gmt":"2013-05-15T15:51:05","slug":"ens-visiten-5-ex-alumnes","status":"publish","type":"post","link":"https:\/\/agora.xtec.cat\/escjoanardevol\/general\/ens-visiten-5-ex-alumnes\/","title":{"rendered":"Ens visiten 5 ex-alumnes"},"content":{"rendered":"<p>El dimecres, 15 de maig, per la tarda ens van visitar 5 ex-alumnes: Mar, Belen, Juanjo, Lola i L\u00eddia.<br \/>\nHem estat parlant una bona estona sobre l&#8217;escola i l&#8217;educaci\u00f3. Ells fa 25 anys que van acabar l&#8217;escola!!<\/p>\n<p>Ara alguns tenen fills (o nebots). Tots treballen&#8230; per\u00f2 el m\u00e9s important \u00e9s que tenen un molt bon record de l&#8217;escola i del seu temps que van passar al Joan Ard\u00e8vol.<\/p>\n<p>A la revista el Pinaret de final de curs donarem m\u00e9s informaci\u00f3. De moment, aqu\u00ed us mostrem unes fotos:<\/p>\n<p>[nggallery id=2]<\/p>\n","protected":false},"excerpt":{"rendered":"<p>El dimecres, 15 de maig, per la tarda ens van visitar 5 ex-alumnes: Mar, Belen, Juanjo, Lola i L\u00eddia.<br \/>\nHem estat parlant una bona estona sobre l&#8217;escola i l&#8217;educaci\u00f3. Ells fa 25 anys que van acabar l&#8217;escola!!<br \/>\nAra alguns tenen fills (o nebots). Tots treballen&#8230; per\u00f2 el&hellip;  <a href=\"https:\/\/agora.xtec.cat\/escjoanardevol\/general\/ens-visiten-5-ex-alumnes\/\" title=\"Read Ens visiten 5 ex-alumnes\">Llegeix m\u00e9s\u00bb<\/a><\/p>\n","protected":false},"author":1,"featured_media":0,"comment_status":"open","ping_status":"open","sticky":false,"template":"","format":"standard","meta":{"_bbp_topic_count":0,"_bbp_reply_count":0,"_bbp_total_topic_count":0,"_bbp_total_reply_count":0,"_bbp_voice_count":0,"_bbp_anonymous_reply_count":0,"_bbp_topic_count_hidden":0,"_bbp_reply_count_hidden":0,"_bbp_forum_subforum_count":0,"footnotes":""},"categories":[14,1],"tags":[59,77,116,148],"class_list":["post-1600","post","type-post","status-publish","format-standard","hentry","category-5e","category-general","tag-activitats","tag-cicle-superior-2","tag-fotos","tag-noticies"],"post_mailing_queue_ids":[],"_links":{"self":[{"href":"https:\/\/agora.xtec.cat\/escjoanardevol\/wp-json\/wp\/v2\/posts\/1600","targetHints":{"allow":["GET"]}}],"collection":[{"href":"https:\/\/agora.xtec.cat\/escjoanardevol\/wp-json\/wp\/v2\/posts"}],"about":[{"href":"https:\/\/agora.xtec.cat\/escjoanardevol\/wp-json\/wp\/v2\/types\/post"}],"author":[{"embeddable":true,"href":"https:\/\/agora.xtec.cat\/escjoanardevol\/wp-json\/wp\/v2\/users\/1"}],"replies":[{"embeddable":true,"href":"https:\/\/agora.xtec.cat\/escjoanardevol\/wp-json\/wp\/v2\/comments?post=1600"}],"version-history":[{"count":0,"href":"https:\/\/agora.xtec.cat\/escjoanardevol\/wp-json\/wp\/v2\/posts\/1600\/revisions"}],"wp:attachment":[{"href":"https:\/\/agora.xtec.cat\/escjoanardevol\/wp-json\/wp\/v2\/media?parent=1600"}],"wp:term":[{"taxonomy":"category","embeddable":true,"href":"https:\/\/agora.xtec.cat\/escjoanardevol\/wp-json\/wp\/v2\/categories?post=1600"},{"taxonomy":"post_tag","embeddable":true,"href":"https:\/\/agora.xtec.cat\/escjoanardevol\/wp-json\/wp\/v2\/tags?post=1600"}],"curies":[{"name":"wp","href":"https:\/\/api.w.org\/{rel}","templated":true}]}}