{"id":1583,"date":"2013-04-28T22:36:13","date_gmt":"2013-04-28T22:36:13","guid":{"rendered":"http:\/\/joanardevol.org\/info\/?p=1583"},"modified":"2013-04-28T22:36:13","modified_gmt":"2013-04-28T22:36:13","slug":"colonies","status":"publish","type":"post","link":"https:\/\/agora.xtec.cat\/escjoanardevol\/general\/colonies\/","title":{"rendered":"Col\u00f2nies!!"},"content":{"rendered":"<p>Els dies 23 i 24 d&#8217;abril, els nens i nenes de Cicle Inicial i 3r vam anar de col\u00f2nies a la casa <strong>M\u00f3n Ser\u00e8<\/strong> a un poblet molt petit que es diu Les Piles.<\/p>\n<p>Ens ho vam passar molt b\u00e9. Els de <strong>Cicle Inicial<\/strong> vam descobrir el poble fent de detectius, vam fer menjadores per als ocells i vam estudiar els seus cants. Vam dormir tots junts i vam jugar competint amb esportivitat. Vam aprendre moltes coses i, sobretot, ens vam fer m\u00e9s amics.<\/p>\n<p>Els de <strong>Cicle Mitj\u00e0<\/strong> vam fer una excursi\u00f3 fins a un poble anomenat Biure de Gai\u00e0, on vam dinar el primer dia. Vam fer un taller d&#8217;orientaci\u00f3 i un de plantes arom\u00e0tiques, uns jocs de nit (un safari nocturn) i unes olimp\u00edades solid\u00e0ries on vam guanyar unes medalles de tronc molt boniques fetes per nosaltres.<\/p>\n<p>Ha estat una experi\u00e8ncia molt enriquidora.<\/p>\n<table border=\"0\" cellpadding=\"1\">\n<tbody>\n<tr>\n<td>\n<p><figure class=\"figure wp-caption alignnone\"><a href=\"https:\/\/picasaweb.google.com\/104461973599168246855\/ColoniesCicleInicial#\" target=\"_blank\"><img loading=\"lazy\" decoding=\"async\" class=\"   \" alt=\"\" src=\"https:\/\/lh6.googleusercontent.com\/-dn-ElDXwE9g\/UXqDSGXD7yI\/AAAAAAAAHVQ\/ZTTFfKvy7O0\/s912\/colonies-CI_142.jpg\" width=\"268\" height=\"201\" \/><\/a><figcaption class=\"wp-caption-text\">Fotos Col\u00f2nies Cicle Inicial<\/figcaption><\/figure><\/td>\n<td>\n<p><figure class=\"figure wp-caption alignnone\"><a href=\"https:\/\/picasaweb.google.com\/104461973599168246855\/Colonies3r#\" target=\"_blank\"><img loading=\"lazy\" decoding=\"async\" class=\"   \" alt=\"\" src=\"https:\/\/lh4.googleusercontent.com\/-KIGujo5nppM\/UXqGF6iCCkI\/AAAAAAAAHZg\/mr00q_4fmWg\/s912\/Colonies-3r_022.JPG\" width=\"268\" height=\"201\" \/><\/a><figcaption class=\"wp-caption-text\">Fotos Col\u00f2nies 3r<\/figcaption><\/figure><\/td>\n<\/tr>\n<\/tbody>\n<\/table>\n","protected":false},"excerpt":{"rendered":"<p>Els dies 23 i 24 d&#8217;abril, els nens i nenes de Cicle Inicial i 3r vam anar de col\u00f2nies a la casa M\u00f3n Ser\u00e8 a un poblet molt petit que es diu Les Piles.<br \/>\nEns ho vam passar molt b\u00e9. Els de Cicle Inicial vam descobrir&hellip;  <a href=\"https:\/\/agora.xtec.cat\/escjoanardevol\/general\/colonies\/\" title=\"Read Col\u00f2nies!!\">Llegeix m\u00e9s\u00bb<\/a><\/p>\n","protected":false},"author":1,"featured_media":0,"comment_status":"open","ping_status":"open","sticky":false,"template":"","format":"standard","meta":{"_bbp_topic_count":0,"_bbp_reply_count":0,"_bbp_total_topic_count":0,"_bbp_total_reply_count":0,"_bbp_voice_count":0,"_bbp_anonymous_reply_count":0,"_bbp_topic_count_hidden":0,"_bbp_reply_count_hidden":0,"_bbp_forum_subforum_count":0,"footnotes":""},"categories":[10,12,1],"tags":[75,76,93,94,16],"class_list":["post-1583","post","type-post","status-publish","format-standard","hentry","category-1r","category-3r","category-general","tag-cicle-inicial","tag-cicle-mitja","tag-convivencia","tag-cooperacio","tag-sortides"],"post_mailing_queue_ids":[],"_links":{"self":[{"href":"https:\/\/agora.xtec.cat\/escjoanardevol\/wp-json\/wp\/v2\/posts\/1583","targetHints":{"allow":["GET"]}}],"collection":[{"href":"https:\/\/agora.xtec.cat\/escjoanardevol\/wp-json\/wp\/v2\/posts"}],"about":[{"href":"https:\/\/agora.xtec.cat\/escjoanardevol\/wp-json\/wp\/v2\/types\/post"}],"author":[{"embeddable":true,"href":"https:\/\/agora.xtec.cat\/escjoanardevol\/wp-json\/wp\/v2\/users\/1"}],"replies":[{"embeddable":true,"href":"https:\/\/agora.xtec.cat\/escjoanardevol\/wp-json\/wp\/v2\/comments?post=1583"}],"version-history":[{"count":0,"href":"https:\/\/agora.xtec.cat\/escjoanardevol\/wp-json\/wp\/v2\/posts\/1583\/revisions"}],"wp:attachment":[{"href":"https:\/\/agora.xtec.cat\/escjoanardevol\/wp-json\/wp\/v2\/media?parent=1583"}],"wp:term":[{"taxonomy":"category","embeddable":true,"href":"https:\/\/agora.xtec.cat\/escjoanardevol\/wp-json\/wp\/v2\/categories?post=1583"},{"taxonomy":"post_tag","embeddable":true,"href":"https:\/\/agora.xtec.cat\/escjoanardevol\/wp-json\/wp\/v2\/tags?post=1583"}],"curies":[{"name":"wp","href":"https:\/\/api.w.org\/{rel}","templated":true}]}}