{"id":1557,"date":"2013-04-23T16:13:44","date_gmt":"2013-04-23T16:13:44","guid":{"rendered":"http:\/\/joanardevol.org\/info\/?p=1557"},"modified":"2013-04-23T16:13:44","modified_gmt":"2013-04-23T16:13:44","slug":"sant-jordi-2013","status":"publish","type":"post","link":"https:\/\/agora.xtec.cat\/escjoanardevol\/general\/sant-jordi-2013\/","title":{"rendered":"Sant Jordi 2013"},"content":{"rendered":"<p>A l&#8217;escola hem celebrat la diada de Sant Jordi, el patr\u00f3 de Catalunya. Ha estat una diada molt maca en qu\u00e8 hem participat en el lliurament de premis dels Jocs florals, fet actuacions representant la llegenda de Sant Jordi aix\u00ed com fet paradetes de llibres i roses. L&#8217;AMPA tamb\u00e9 ha fet una paradeta amb berenar que estava molt bo!<\/p>\n<table width=\"300\" border=\"0\">\n<tbody>\n<tr>\n<td valign=\"top\">\n<p><figure class=\"figure wp-caption alignnone\"><a href=\"https:\/\/picasaweb.google.com\/104461973599168246855\/JocsFlorals2013\" target=\"_blank\"><img loading=\"lazy\" decoding=\"async\" class=\"size-thumbnail wp-image-1563  \" alt=\"Jocs Florals 2013_024\" src=\"http:\/\/agora.xtec.cat\/escjoanardevol\/wp-content\/uploads\/usu550\/2013\/04\/Jocs-Florals-2013_024-1-150x150.jpg\" width=\"150\" height=\"150\" \/><\/a><figcaption class=\"wp-caption-text\">Jocs Florals<\/figcaption><\/figure><\/td>\n<td valign=\"top\">\n<p><figure class=\"figure wp-caption alignnone\"><a href=\"https:\/\/picasaweb.google.com\/104461973599168246855\/ParadaDeLlibresIRosesEl22Abril\" target=\"_blank\"><img loading=\"lazy\" decoding=\"async\" class=\"size-thumbnail wp-image-1559 \" alt=\"parades_llibres-roses_22tarda_06\" src=\"http:\/\/agora.xtec.cat\/escjoanardevol\/wp-content\/uploads\/usu550\/2013\/04\/parades_llibres-roses_22tarda_06-1-150x150.jpg\" width=\"150\" height=\"150\" \/><\/a><figcaption class=\"wp-caption-text\">Parada de llibres i roses el 22 per la tarda<\/figcaption><\/figure><\/td>\n<\/tr>\n<tr>\n<td valign=\"top\">\n<p><figure class=\"figure wp-caption alignnone\"><a href=\"https:\/\/picasaweb.google.com\/104461973599168246855\/SantJordiLlarInfants\" target=\"_blank\"><img loading=\"lazy\" decoding=\"async\" class=\"size-thumbnail wp-image-1562\" alt=\"SantJordi_LlarInfants_37\" src=\"http:\/\/agora.xtec.cat\/escjoanardevol\/wp-content\/uploads\/usu550\/2013\/04\/SantJordi_LlarInfants_37-1-150x150.jpg\" width=\"150\" height=\"150\" \/><\/a><figcaption class=\"wp-caption-text\">Representaci\u00f3 de la llegenda de Sant Jordi a la Llar d&#8217;Infants<\/figcaption><\/figure><\/td>\n<td valign=\"top\">\n<p><figure class=\"figure wp-caption alignnone\"><a href=\"https:\/\/picasaweb.google.com\/104461973599168246855\/ParadaDeLlibresIRosesEl23Abril\" target=\"_blank\"><img loading=\"lazy\" decoding=\"async\" class=\"size-thumbnail wp-image-1561\" alt=\"parades_llibres-roses_23tarda_39\" src=\"http:\/\/agora.xtec.cat\/escjoanardevol\/wp-content\/uploads\/usu550\/2013\/04\/parades_llibres-roses_23tarda_39-1-150x150.jpg\" width=\"150\" height=\"150\" \/><\/a><figcaption class=\"wp-caption-text\">Parades de llibres i roses el 23 d&#8217;abril<\/figcaption><\/figure><\/td>\n<\/tr>\n<\/tbody>\n<\/table>\n","protected":false},"excerpt":{"rendered":"<p>A l&#8217;escola hem celebrat la diada de Sant Jordi, el patr\u00f3 de Catalunya. Ha estat una diada molt maca en qu\u00e8 hem participat en el lliurament de premis dels Jocs florals, fet actuacions representant la llegenda de Sant Jordi aix\u00ed com fet paradetes de llibres&hellip;  <a href=\"https:\/\/agora.xtec.cat\/escjoanardevol\/general\/sant-jordi-2013\/\" title=\"Read Sant Jordi 2013\">Llegeix m\u00e9s\u00bb<\/a><\/p>\n","protected":false},"author":1,"featured_media":0,"comment_status":"open","ping_status":"open","sticky":false,"template":"","format":"standard","meta":{"_bbp_topic_count":0,"_bbp_reply_count":0,"_bbp_total_topic_count":0,"_bbp_total_reply_count":0,"_bbp_voice_count":0,"_bbp_anonymous_reply_count":0,"_bbp_topic_count_hidden":0,"_bbp_reply_count_hidden":0,"_bbp_forum_subforum_count":0,"footnotes":""},"categories":[14,1],"tags":[59,77,89,115,133,160,168],"class_list":["post-1557","post","type-post","status-publish","format-standard","hentry","category-5e","category-general","tag-activitats","tag-cicle-superior-2","tag-concursos","tag-festes","tag-llibres","tag-premis","tag-sant-jordi"],"post_mailing_queue_ids":[],"_links":{"self":[{"href":"https:\/\/agora.xtec.cat\/escjoanardevol\/wp-json\/wp\/v2\/posts\/1557","targetHints":{"allow":["GET"]}}],"collection":[{"href":"https:\/\/agora.xtec.cat\/escjoanardevol\/wp-json\/wp\/v2\/posts"}],"about":[{"href":"https:\/\/agora.xtec.cat\/escjoanardevol\/wp-json\/wp\/v2\/types\/post"}],"author":[{"embeddable":true,"href":"https:\/\/agora.xtec.cat\/escjoanardevol\/wp-json\/wp\/v2\/users\/1"}],"replies":[{"embeddable":true,"href":"https:\/\/agora.xtec.cat\/escjoanardevol\/wp-json\/wp\/v2\/comments?post=1557"}],"version-history":[{"count":0,"href":"https:\/\/agora.xtec.cat\/escjoanardevol\/wp-json\/wp\/v2\/posts\/1557\/revisions"}],"wp:attachment":[{"href":"https:\/\/agora.xtec.cat\/escjoanardevol\/wp-json\/wp\/v2\/media?parent=1557"}],"wp:term":[{"taxonomy":"category","embeddable":true,"href":"https:\/\/agora.xtec.cat\/escjoanardevol\/wp-json\/wp\/v2\/categories?post=1557"},{"taxonomy":"post_tag","embeddable":true,"href":"https:\/\/agora.xtec.cat\/escjoanardevol\/wp-json\/wp\/v2\/tags?post=1557"}],"curies":[{"name":"wp","href":"https:\/\/api.w.org\/{rel}","templated":true}]}}