{"id":1549,"date":"2013-04-15T14:48:32","date_gmt":"2013-04-15T14:48:32","guid":{"rendered":"http:\/\/joanardevol.org\/info\/?p=1549"},"modified":"2013-04-15T14:48:32","modified_gmt":"2013-04-15T14:48:32","slug":"p4-visita-els-bombers-2","status":"publish","type":"post","link":"https:\/\/agora.xtec.cat\/escjoanardevol\/general\/p4-visita-els-bombers-2\/","title":{"rendered":"P4 visita els Bombers"},"content":{"rendered":"<p>Hem passat un mat\u00ed molt agradable al parc de bombers de Cambrils. A m\u00e9s a m\u00e9s d&#8217;aprendre molt ha estat molt divertit. Si mireu les nostres fotos veureu algunes de les coses que hem fet: alguns ens hem vestit de bombers i bomberes, hem pujat al cami\u00f3, hem fet servir la m\u00e0nega, hem conegut moltes eines que els bombers fan servir i&#8230; el millor de tot, ens ho hem passat molt b\u00e9 amb els nostres amics els bombers.<\/p>\n<p>\u00a1MOLTES GR\u00c0CIES PER DONAR-NOS UNA MICA DEL VOSTRES TEMPS I MOLTES GR\u00c0CIES PEL\u00a0 TREBALL TAN IMPORTANT QUE FEU!<\/p>\n<p><a href=\"https:\/\/picasaweb.google.com\/104461973599168246855\/P4SortidaAlsBombers\" target=\"_blank\"><img loading=\"lazy\" decoding=\"async\" class=\"alignnone\" alt=\"\" src=\"https:\/\/lh3.googleusercontent.com\/-hyRla8bsmAA\/UWwR300jwHI\/AAAAAAAAGOE\/_oDPHkVLPLw\/s912\/P4-Sortida%2520als%2520bombers_06.JPG\" width=\"547\" height=\"410\" \/><\/a><\/p>\n","protected":false},"excerpt":{"rendered":"<p>Hem passat un mat\u00ed molt agradable al parc de bombers de Cambrils. A m\u00e9s a m\u00e9s d&#8217;aprendre molt ha estat molt divertit. Si mireu les nostres fotos veureu algunes de les coses que hem fet: alguns ens hem vestit de bombers i bomberes, hem pujat&hellip;  <a href=\"https:\/\/agora.xtec.cat\/escjoanardevol\/general\/p4-visita-els-bombers-2\/\" title=\"Read P4 visita els Bombers\">Llegeix m\u00e9s\u00bb<\/a><\/p>\n","protected":false},"author":1,"featured_media":0,"comment_status":"open","ping_status":"open","sticky":false,"template":"","format":"standard","meta":{"_bbp_topic_count":0,"_bbp_reply_count":0,"_bbp_total_topic_count":0,"_bbp_total_reply_count":0,"_bbp_voice_count":0,"_bbp_anonymous_reply_count":0,"_bbp_topic_count_hidden":0,"_bbp_reply_count_hidden":0,"_bbp_forum_subforum_count":0,"footnotes":""},"categories":[1,2],"tags":[103,16],"class_list":["post-1549","post","type-post","status-publish","format-standard","hentry","category-general","category-infantil","tag-educacio-infantil","tag-sortides"],"post_mailing_queue_ids":[],"_links":{"self":[{"href":"https:\/\/agora.xtec.cat\/escjoanardevol\/wp-json\/wp\/v2\/posts\/1549","targetHints":{"allow":["GET"]}}],"collection":[{"href":"https:\/\/agora.xtec.cat\/escjoanardevol\/wp-json\/wp\/v2\/posts"}],"about":[{"href":"https:\/\/agora.xtec.cat\/escjoanardevol\/wp-json\/wp\/v2\/types\/post"}],"author":[{"embeddable":true,"href":"https:\/\/agora.xtec.cat\/escjoanardevol\/wp-json\/wp\/v2\/users\/1"}],"replies":[{"embeddable":true,"href":"https:\/\/agora.xtec.cat\/escjoanardevol\/wp-json\/wp\/v2\/comments?post=1549"}],"version-history":[{"count":0,"href":"https:\/\/agora.xtec.cat\/escjoanardevol\/wp-json\/wp\/v2\/posts\/1549\/revisions"}],"wp:attachment":[{"href":"https:\/\/agora.xtec.cat\/escjoanardevol\/wp-json\/wp\/v2\/media?parent=1549"}],"wp:term":[{"taxonomy":"category","embeddable":true,"href":"https:\/\/agora.xtec.cat\/escjoanardevol\/wp-json\/wp\/v2\/categories?post=1549"},{"taxonomy":"post_tag","embeddable":true,"href":"https:\/\/agora.xtec.cat\/escjoanardevol\/wp-json\/wp\/v2\/tags?post=1549"}],"curies":[{"name":"wp","href":"https:\/\/api.w.org\/{rel}","templated":true}]}}