{"id":1546,"date":"2013-04-15T14:22:07","date_gmt":"2013-04-15T14:22:07","guid":{"rendered":"http:\/\/joanardevol.org\/info\/?p=1546"},"modified":"2013-04-15T14:22:07","modified_gmt":"2013-04-15T14:22:07","slug":"animacio-a-la-lectura","status":"publish","type":"post","link":"https:\/\/agora.xtec.cat\/escjoanardevol\/general\/animacio-a-la-lectura\/","title":{"rendered":"Animaci\u00f3 a la lectura"},"content":{"rendered":"<p>Com cada curs, l&#8217;escola organitza sessions d&#8217;animaci\u00f3 a la lectura, activitat inclosa en el nostre <strong>Pla de Lectura<\/strong>.<br \/>\nAquestes sessions volen conciliar els objectius curriculars amb la creaci\u00f3 d&#8217;un h\u00e0bit de lectura i la <span style=\"text-decoration: underline;\">formaci\u00f3 de lectors experts<\/span>.<br \/>\nLa nostra intenci\u00f3 \u00e9s apropar els nens i les nenes als llibres, d&#8217;una manera l\u00fadica i afectiva.<br \/>\nTots els grups d&#8217;Educaci\u00f3 Infantil i Cicle inicial han gaudit de l&#8217;espectacle de titelles que la <strong><em>S\u00edlvia Palaz\u00f3n<\/em><\/strong>, animadora, va presentar els dies 8 i 9 d&#8217;abril a l&#8217;escola.<br \/>\nTots vam riure i ens vam emocionar quan la S\u00edlvia ens va transportar a un m\u00f3n de contes, coneguts per tots els nens i les nenes.<\/p>\n<p><a href=\"https:\/\/picasaweb.google.com\/104461973599168246855\/TallersDAnimacioALaLectura\" target=\"_blank\"><img loading=\"lazy\" decoding=\"async\" class=\"alignnone\" alt=\"\" src=\"https:\/\/lh4.googleusercontent.com\/-jcUlmpdtcsc\/UWuqZNgo8dI\/AAAAAAAAFyQ\/dkMfBeITuNA\/s720\/animacio_a_la_lectura_01.JPG\" width=\"422\" height=\"576\" \/><\/a><\/p>\n","protected":false},"excerpt":{"rendered":"<p>Com cada curs, l&#8217;escola organitza sessions d&#8217;animaci\u00f3 a la lectura, activitat inclosa en el nostre Pla de Lectura.<br \/>\nAquestes sessions volen conciliar els objectius curriculars amb la creaci\u00f3 d&#8217;un h\u00e0bit de lectura i la formaci\u00f3 de lectors experts.<br \/>\nLa nostra intenci\u00f3 \u00e9s apropar els nens i les&hellip;  <a href=\"https:\/\/agora.xtec.cat\/escjoanardevol\/general\/animacio-a-la-lectura\/\" title=\"Read Animaci\u00f3 a la lectura\">Llegeix m\u00e9s\u00bb<\/a><\/p>\n","protected":false},"author":1,"featured_media":0,"comment_status":"open","ping_status":"open","sticky":false,"template":"","format":"standard","meta":{"_bbp_topic_count":0,"_bbp_reply_count":0,"_bbp_total_topic_count":0,"_bbp_total_reply_count":0,"_bbp_voice_count":0,"_bbp_anonymous_reply_count":0,"_bbp_topic_count_hidden":0,"_bbp_reply_count_hidden":0,"_bbp_forum_subforum_count":0,"footnotes":""},"categories":[10,1,2],"tags":[75,103,130,133],"class_list":["post-1546","post","type-post","status-publish","format-standard","hentry","category-1r","category-general","category-infantil","tag-cicle-inicial","tag-educacio-infantil","tag-lectura","tag-llibres"],"post_mailing_queue_ids":[],"_links":{"self":[{"href":"https:\/\/agora.xtec.cat\/escjoanardevol\/wp-json\/wp\/v2\/posts\/1546","targetHints":{"allow":["GET"]}}],"collection":[{"href":"https:\/\/agora.xtec.cat\/escjoanardevol\/wp-json\/wp\/v2\/posts"}],"about":[{"href":"https:\/\/agora.xtec.cat\/escjoanardevol\/wp-json\/wp\/v2\/types\/post"}],"author":[{"embeddable":true,"href":"https:\/\/agora.xtec.cat\/escjoanardevol\/wp-json\/wp\/v2\/users\/1"}],"replies":[{"embeddable":true,"href":"https:\/\/agora.xtec.cat\/escjoanardevol\/wp-json\/wp\/v2\/comments?post=1546"}],"version-history":[{"count":0,"href":"https:\/\/agora.xtec.cat\/escjoanardevol\/wp-json\/wp\/v2\/posts\/1546\/revisions"}],"wp:attachment":[{"href":"https:\/\/agora.xtec.cat\/escjoanardevol\/wp-json\/wp\/v2\/media?parent=1546"}],"wp:term":[{"taxonomy":"category","embeddable":true,"href":"https:\/\/agora.xtec.cat\/escjoanardevol\/wp-json\/wp\/v2\/categories?post=1546"},{"taxonomy":"post_tag","embeddable":true,"href":"https:\/\/agora.xtec.cat\/escjoanardevol\/wp-json\/wp\/v2\/tags?post=1546"}],"curies":[{"name":"wp","href":"https:\/\/api.w.org\/{rel}","templated":true}]}}