{"id":1467,"date":"2013-03-09T07:05:39","date_gmt":"2013-03-09T07:05:39","guid":{"rendered":"http:\/\/joanardevol.org\/info\/?p=1467"},"modified":"2013-03-09T07:05:39","modified_gmt":"2013-03-09T07:05:39","slug":"preinscripcio-2013","status":"publish","type":"post","link":"https:\/\/agora.xtec.cat\/escjoanardevol\/general\/preinscripcio-2013\/","title":{"rendered":"Preinscripci\u00f3 2013"},"content":{"rendered":"<p>Enguany s&#8217;ha de preinscriure a P3 els nens i nenes\u00a0<strong>nascuts l&#8217;any 2010<\/strong>.<\/p>\n<p>El termini per presentar la sol\u00b7licitud de preinscripci\u00f3 \u00e9s de l&#8217;<strong><span style=\"text-decoration: underline;\">11 al 22 de mar\u00e7<\/span><\/strong>.<\/p>\n<p>Heu de presentar-la a la secretaria de l&#8217;escola. L&#8217;horari de secretaria durant la preinscripci\u00f3 \u00e9s<\/p>\n<ul>\n<li><strong>Matins<\/strong>: de 9:00 a 11:00<\/li>\n<li><strong>Tardes<\/strong>: dimarts, dimecres i dijous de 15:00 a 16:00<\/li>\n<\/ul>\n<p>Trobareu m\u00e9s informaci\u00f3 clicant a:<\/p>\n<p><a href=\"http:\/\/www20.gencat.cat\/portal\/site\/queestudiar\/menuitem.2f4f37c88e124629e85c7273b0c0e1a0\/?vgnextoid=a24b699e44af4310VgnVCM2000009b0c1e0aRCRD&amp;vgnextchannel=a24b699e44af4310VgnVCM2000009b0c1e0aRCRD&amp;vgnextfmt=default\" target=\"_blank\"><img loading=\"lazy\" decoding=\"async\" class=\" alignnone\" alt=\"preinscripcio\" src=\"http:\/\/www20.gencat.cat\/docs\/canaleducacio\/Home\/Preinscripcio\/Preinscripcio%20i%20matricula\/Imatges%20navegadora%20%20Preinscipcio\/Preinscripcio.jpg\" width=\"568\" height=\"88\" \/><\/a><\/p>\n","protected":false},"excerpt":{"rendered":"<p>Enguany s&#8217;ha de preinscriure a P3 els nens i nenes\u00a0nascuts l&#8217;any 2010.<br \/>\nEl termini per presentar la sol\u00b7licitud de preinscripci\u00f3 \u00e9s de l&#8217;11 al 22 de mar\u00e7.<br \/>\nHeu de presentar-la a la secretaria de l&#8217;escola. L&#8217;horari de secretaria durant la preinscripci\u00f3 \u00e9s<\/p>\n<ul>\n<li>Matins: de 9:00 a 11:00<\/li>\n<li>Tardes: dimarts,&hellip;  <a href=\"https:\/\/agora.xtec.cat\/escjoanardevol\/general\/preinscripcio-2013\/\" title=\"Read Preinscripci\u00f3 2013\">Llegeix m\u00e9s\u00bb<\/a><br \/>\n","protected":false},"author":1,"featured_media":0,"comment_status":"open","ping_status":"open","sticky":false,"template":"","format":"standard","meta":{"_bbp_topic_count":0,"_bbp_reply_count":0,"_bbp_total_topic_count":0,"_bbp_total_reply_count":0,"_bbp_voice_count":0,"_bbp_anonymous_reply_count":0,"_bbp_topic_count_hidden":0,"_bbp_reply_count_hidden":0,"_bbp_forum_subforum_count":0,"footnotes":""},"categories":[1,2],"tags":[103,148,158],"class_list":["post-1467","post","type-post","status-publish","format-standard","hentry","category-general","category-infantil","tag-educacio-infantil","tag-noticies","tag-preinscripcio"],"post_mailing_queue_ids":[],"_links":{"self":[{"href":"https:\/\/agora.xtec.cat\/escjoanardevol\/wp-json\/wp\/v2\/posts\/1467","targetHints":{"allow":["GET"]}}],"collection":[{"href":"https:\/\/agora.xtec.cat\/escjoanardevol\/wp-json\/wp\/v2\/posts"}],"about":[{"href":"https:\/\/agora.xtec.cat\/escjoanardevol\/wp-json\/wp\/v2\/types\/post"}],"author":[{"embeddable":true,"href":"https:\/\/agora.xtec.cat\/escjoanardevol\/wp-json\/wp\/v2\/users\/1"}],"replies":[{"embeddable":true,"href":"https:\/\/agora.xtec.cat\/escjoanardevol\/wp-json\/wp\/v2\/comments?post=1467"}],"version-history":[{"count":0,"href":"https:\/\/agora.xtec.cat\/escjoanardevol\/wp-json\/wp\/v2\/posts\/1467\/revisions"}],"wp:attachment":[{"href":"https:\/\/agora.xtec.cat\/escjoanardevol\/wp-json\/wp\/v2\/media?parent=1467"}],"wp:term":[{"taxonomy":"category","embeddable":true,"href":"https:\/\/agora.xtec.cat\/escjoanardevol\/wp-json\/wp\/v2\/categories?post=1467"},{"taxonomy":"post_tag","embeddable":true,"href":"https:\/\/agora.xtec.cat\/escjoanardevol\/wp-json\/wp\/v2\/tags?post=1467"}],"curies":[{"name":"wp","href":"https:\/\/api.w.org\/{rel}","templated":true}]}}