{"id":1432,"date":"2013-02-11T20:29:29","date_gmt":"2013-02-11T20:29:29","guid":{"rendered":"http:\/\/joanardevol.org\/info\/?p=1432"},"modified":"2013-02-11T20:29:29","modified_gmt":"2013-02-11T20:29:29","slug":"el-carnaval-deducacio-infantil-a-la-revista-cambrils","status":"publish","type":"post","link":"https:\/\/agora.xtec.cat\/escjoanardevol\/general\/el-carnaval-deducacio-infantil-a-la-revista-cambrils\/","title":{"rendered":"El carnaval d&#8217;Educaci\u00f3 infantil a la Revista Cambrils"},"content":{"rendered":"<p><a href=\"http:\/\/www.revistacambrils.com\/index.php?c_noticia=14307\" target=\"_blank\"><img loading=\"lazy\" decoding=\"async\" alt=\"Carnaval infantal\" src=\"http:\/\/www.revistacambrils.com\/imatges\/comuns2\/cap.gif\" width=\"486\" height=\"75\" \/><\/a><\/p>\n<p>La Revista Cambrils s&#8217;ha fet ress\u00f2 de la festa que el divendres pel mat\u00ed vam celebrar els alumnes d&#8217;educaci\u00f3 infantil al Parc del Pinaret. Vam tenir bon dia i va ser una festa magn\u00edfica.<br \/>\nEns van acompanyar els nens i nenes de 2 anys de les Llars d&#8217;infants <strong>M. Dolors Medina i la Galereta<\/strong>.<\/p>\n<figure class=\"figure wp-caption alignnone\"><a href=\"http:\/\/www.revistacambrils.com\/index.php?c_noticia=14307\" target=\"_blank\"><img loading=\"lazy\" decoding=\"async\" alt=\"Not\u00edcia Revista Cambrils\" src=\"http:\/\/www.revistacambrils.com\/imatges\/2013\/2\/pinaret.jpg\" width=\"570\" height=\"379\" \/><\/a><figcaption class=\"wp-caption-text\">Foto: Revista Cambrils &#8211; Festa de Carnaval infantil al parc del Pinaret, el passat divendres<\/figcaption><\/figure>\n","protected":false},"excerpt":{"rendered":"<p><a href=\"http:\/\/www.revistacambrils.com\/index.php?c_noticia=14307\" target=\"_blank\"><\/a><br \/>\nLa Revista Cambrils s&#8217;ha fet ress\u00f2 de la festa que el divendres pel mat\u00ed vam celebrar els alumnes d&#8217;educaci\u00f3 infantil al Parc del Pinaret. Vam tenir bon dia i va ser una festa magn\u00edfica.<br \/>\nEns van acompanyar els nens i nenes de 2 anys&hellip;  <a href=\"https:\/\/agora.xtec.cat\/escjoanardevol\/general\/el-carnaval-deducacio-infantil-a-la-revista-cambrils\/\" title=\"Read El carnaval d&#8217;Educaci\u00f3 infantil a la Revista Cambrils\">Llegeix m\u00e9s\u00bb<\/a><\/p>\n","protected":false},"author":1,"featured_media":0,"comment_status":"open","ping_status":"open","sticky":false,"template":"","format":"standard","meta":{"_bbp_topic_count":0,"_bbp_reply_count":0,"_bbp_total_topic_count":0,"_bbp_total_reply_count":0,"_bbp_voice_count":0,"_bbp_anonymous_reply_count":0,"_bbp_topic_count_hidden":0,"_bbp_reply_count_hidden":0,"_bbp_forum_subforum_count":0,"footnotes":""},"categories":[1,2],"tags":[69,71,103,115],"class_list":["post-1432","post","type-post","status-publish","format-standard","hentry","category-general","category-infantil","tag-cambrils","tag-carnaval","tag-educacio-infantil","tag-festes"],"post_mailing_queue_ids":[],"_links":{"self":[{"href":"https:\/\/agora.xtec.cat\/escjoanardevol\/wp-json\/wp\/v2\/posts\/1432","targetHints":{"allow":["GET"]}}],"collection":[{"href":"https:\/\/agora.xtec.cat\/escjoanardevol\/wp-json\/wp\/v2\/posts"}],"about":[{"href":"https:\/\/agora.xtec.cat\/escjoanardevol\/wp-json\/wp\/v2\/types\/post"}],"author":[{"embeddable":true,"href":"https:\/\/agora.xtec.cat\/escjoanardevol\/wp-json\/wp\/v2\/users\/1"}],"replies":[{"embeddable":true,"href":"https:\/\/agora.xtec.cat\/escjoanardevol\/wp-json\/wp\/v2\/comments?post=1432"}],"version-history":[{"count":0,"href":"https:\/\/agora.xtec.cat\/escjoanardevol\/wp-json\/wp\/v2\/posts\/1432\/revisions"}],"wp:attachment":[{"href":"https:\/\/agora.xtec.cat\/escjoanardevol\/wp-json\/wp\/v2\/media?parent=1432"}],"wp:term":[{"taxonomy":"category","embeddable":true,"href":"https:\/\/agora.xtec.cat\/escjoanardevol\/wp-json\/wp\/v2\/categories?post=1432"},{"taxonomy":"post_tag","embeddable":true,"href":"https:\/\/agora.xtec.cat\/escjoanardevol\/wp-json\/wp\/v2\/tags?post=1432"}],"curies":[{"name":"wp","href":"https:\/\/api.w.org\/{rel}","templated":true}]}}