{"id":1430,"date":"2013-02-07T18:10:15","date_gmt":"2013-02-07T18:10:15","guid":{"rendered":"http:\/\/joanardevol.org\/info\/?p=1430"},"modified":"2013-02-07T18:10:15","modified_gmt":"2013-02-07T18:10:15","slug":"5e-visita-laqueducte-de-tarragona","status":"publish","type":"post","link":"https:\/\/agora.xtec.cat\/escjoanardevol\/general\/5e-visita-laqueducte-de-tarragona\/","title":{"rendered":"5\u00e8 visita l&#8217;aq\u00fceducte de Tarragona"},"content":{"rendered":"<p>El dimecres, 6 de febrer, els alumnes de 5\u00e8 vam fer una excursi\u00f3 a Tarragona.<\/p>\n<p>Vam fer una visita a l&#8217;aq\u00fceducte de Tarragona, el que \u00e9s conegut com el &#8220;<strong>Pont del diable<\/strong>&#8220;. Vam fer un conjunt d&#8217;activitats guiades pels monitors del <span style=\"text-decoration: underline;\">Camp d&#8217;Aprenentatge de Tarragona<\/span>. L&#8217;aq\u00fceducte ajudava a transportar l&#8217;aigua cap a <em>Tarraco<\/em> durant l&#8217;\u00e8poca dels romans. Nosaltres vam travessar-lo per dalt i vam poder comprovar com de gran \u00e9s aquesta obra arquitect\u00f2nica de dos mil anys d&#8217;antiguitat.<\/p>\n<p>Per la tarda, vam anar a dinar al <em>Camp de Mart<\/em>, visitar les muralles i fer una petita ruta pel casc antic i pels voltants de la catedral de Tarragona. Aqu\u00ed hi ha unes fotografies que il\u00b7lustren aquesta excursi\u00f3. Va ser molt educativa i tamb\u00e9 divertida!<\/p>\n<p>&nbsp;<embed type=\"application\/x-shockwave-flash\" src=\"https:\/\/picasaweb.google.com\/s\/c\/bin\/slideshow.swf\" width=\"500\" height=\"333\" flashvars=\"host=picasaweb.google.com&#038;hl=ca&#038;feat=flashalbum&#038;RGB=0x000000&#038;feed=https%3A%2F%2Fpicasaweb.google.com%2Fdata%2Ffeed%2Fapi%2Fuser%2F104461973599168246855%2Falbumid%2F5841880238602759937%3Falt%3Drss%26kind%3Dphoto%26hl%3Dca\" pluginspage=\"http:\/\/www.macromedia.com\/go\/getflashplayer\"><\/embed><\/p>\n","protected":false},"excerpt":{"rendered":"<p>El dimecres, 6 de febrer, els alumnes de 5\u00e8 vam fer una excursi\u00f3 a Tarragona.<br \/>\nVam fer una visita a l&#8217;aq\u00fceducte de Tarragona, el que \u00e9s conegut com el &#8220;Pont del diable&#8220;. Vam fer un conjunt d&#8217;activitats guiades pels monitors del Camp d&#8217;Aprenentatge de Tarragona. L&#8217;aq\u00fceducte&hellip;  <a href=\"https:\/\/agora.xtec.cat\/escjoanardevol\/general\/5e-visita-laqueducte-de-tarragona\/\" title=\"Read 5\u00e8 visita l&#8217;aq\u00fceducte de Tarragona\">Llegeix m\u00e9s\u00bb<\/a><\/p>\n","protected":false},"author":1,"featured_media":0,"comment_status":"open","ping_status":"open","sticky":false,"template":"","format":"standard","meta":{"_bbp_topic_count":0,"_bbp_reply_count":0,"_bbp_total_topic_count":0,"_bbp_total_reply_count":0,"_bbp_voice_count":0,"_bbp_anonymous_reply_count":0,"_bbp_topic_count_hidden":0,"_bbp_reply_count_hidden":0,"_bbp_forum_subforum_count":0,"footnotes":""},"categories":[14,1],"tags":[77,82,16],"class_list":["post-1430","post","type-post","status-publish","format-standard","hentry","category-5e","category-general","tag-cicle-superior-2","tag-cinque","tag-sortides"],"post_mailing_queue_ids":[],"_links":{"self":[{"href":"https:\/\/agora.xtec.cat\/escjoanardevol\/wp-json\/wp\/v2\/posts\/1430","targetHints":{"allow":["GET"]}}],"collection":[{"href":"https:\/\/agora.xtec.cat\/escjoanardevol\/wp-json\/wp\/v2\/posts"}],"about":[{"href":"https:\/\/agora.xtec.cat\/escjoanardevol\/wp-json\/wp\/v2\/types\/post"}],"author":[{"embeddable":true,"href":"https:\/\/agora.xtec.cat\/escjoanardevol\/wp-json\/wp\/v2\/users\/1"}],"replies":[{"embeddable":true,"href":"https:\/\/agora.xtec.cat\/escjoanardevol\/wp-json\/wp\/v2\/comments?post=1430"}],"version-history":[{"count":0,"href":"https:\/\/agora.xtec.cat\/escjoanardevol\/wp-json\/wp\/v2\/posts\/1430\/revisions"}],"wp:attachment":[{"href":"https:\/\/agora.xtec.cat\/escjoanardevol\/wp-json\/wp\/v2\/media?parent=1430"}],"wp:term":[{"taxonomy":"category","embeddable":true,"href":"https:\/\/agora.xtec.cat\/escjoanardevol\/wp-json\/wp\/v2\/categories?post=1430"},{"taxonomy":"post_tag","embeddable":true,"href":"https:\/\/agora.xtec.cat\/escjoanardevol\/wp-json\/wp\/v2\/tags?post=1430"}],"curies":[{"name":"wp","href":"https:\/\/api.w.org\/{rel}","templated":true}]}}