{"id":1377,"date":"2012-12-17T22:34:38","date_gmt":"2012-12-17T22:34:38","guid":{"rendered":"http:\/\/joanardevol.org\/info\/?p=1377"},"modified":"2012-12-17T22:34:38","modified_gmt":"2012-12-17T22:34:38","slug":"lescola-participa-a-la-marato","status":"publish","type":"post","link":"https:\/\/agora.xtec.cat\/escjoanardevol\/general\/lescola-participa-a-la-marato\/","title":{"rendered":"L&#8217;escola participa a la Marat\u00f3"},"content":{"rendered":"<p>Com cada any, els nostres alumnes van elaborar manualitats per posar a la venda amb un donatiu voluntari. La pluja no va deslluir un dia molt maco. Les paradetes les vam muntar al pavell\u00f3 i van quedar molt b\u00e9.<\/p>\n<figure class=\"figure wp-caption alignnone\"><a title=\"Foto de la Revista Cambrils\" href=\"http:\/\/www.revistacambrils.com\/index.php?c_noticia=14074\" target=\"_blank\"><img loading=\"lazy\" decoding=\"async\" title=\"Paradeta\" src=\"http:\/\/www.revistacambrils.com\/imatges\/2012\/12\/ardevol2.jpg\" alt=\"\" width=\"570\" height=\"379\" \/><\/a><figcaption class=\"wp-caption-text\">Foto de la Revista Cambrils<\/figcaption><\/figure>\n<p>Els objectes que els diferents cursos van elaborar per la Marat\u00f3 van ser:<\/p>\n<p><strong>P3<\/strong>: bola de Nadal amb fotografia<\/p>\n<p><strong>P4<\/strong>: imant amb fotografia<\/p>\n<p><strong>P5<\/strong>: estel per l\u2019arbre amb fotografia<\/p>\n<p><strong>1r<\/strong>: estel amb pals de gelat<\/p>\n<p><strong>2n<\/strong>: imant amb una agulla del Pare Noel<\/p>\n<p><strong>3r<\/strong>: figures de fang blanc<\/p>\n<p><strong>4t<\/strong>: espelmes amb suport (CD)<\/p>\n<p><strong>5\u00e8<\/strong>: bosses nadalenques<\/p>\n<p><strong>6\u00e8<\/strong>: polseres amb anelles de llaunes<\/p>\n<p>&nbsp;<\/p>\n<p>La venda d\u2019aquests objectes es va fer al migdia i per la tarda, a partir de les 16:15. Els alumnes de 6\u00e8 foren els encarregats de recollir els donatius a partir d\u2019un euro.<\/p>\n<p>A m\u00e9s, l\u2019<strong>Associaci\u00f3 de Mares i Pares<\/strong> de la nostra escola tamb\u00e9 va col\u00b7laborar fent un berenar popular i venent diverses joguines reciclades.<\/p>\n<p>Enguany, a m\u00e9s, hem comptat amb l\u2019elaboraci\u00f3 d\u2019un cartell per part dels nens de l\u2019activitat extraescolar d\u2019Educaci\u00f3 Pl\u00e0stica, dirigits per l\u2019artista Bali Cejas.<\/p>\n<p><a href=\"http:\/\/joanardevol.org\/info\/wp-content\/uploads\/2012\/12\/marato_poster1.jpg\"><img loading=\"lazy\" decoding=\"async\" class=\"alignleft  wp-image-1379\" title=\"marato_poster\" src=\"http:\/\/joanardevol.org\/info\/wp-content\/uploads\/2012\/12\/marato_poster1.jpg\" alt=\"\" width=\"546\" height=\"99\" \/><\/a><\/p>\n<p>&nbsp;<\/p>\n<p>&nbsp;<\/p>\n<p>&nbsp;<\/p>\n<p>&nbsp;<\/p>\n<p>La <a title=\"Marat\u00f3 Joan Ard\u00e8vol\" href=\"http:\/\/www.revistacambrils.com\/index.php?c_noticia=14074\" target=\"_blank\"><strong><span style=\"text-decoration: underline;\">Revista Cambrils<\/span><\/strong><\/a>, un any m\u00e9s, s&#8217;ha fet ress\u00f2 de la nostra participaci\u00f3 a la Marat\u00f3:<\/p>\n<p><a title=\"Marat\u00f3 Joan Ard\u00e8vol\" href=\"http:\/\/www.revistacambrils.com\/index.php?c_noticia=14074\" target=\"_blank\"><img loading=\"lazy\" decoding=\"async\" class=\"alignnone\" title=\"Marat\u00f3 Joan Ard\u00e8vol\" src=\"http:\/\/www.revistacambrils.com\/imatges\/comuns2\/cap.gif\" alt=\"\" width=\"486\" height=\"75\" \/><\/a><\/p>\n","protected":false},"excerpt":{"rendered":"<p>Com cada any, els nostres alumnes van elaborar manualitats per posar a la venda amb un donatiu voluntari. La pluja no va deslluir un dia molt maco. Les paradetes les vam muntar al pavell\u00f3 i van quedar molt b\u00e9.<br \/>\n<a title=\"Foto de la Revista Cambrils\" href=\"http:\/\/www.revistacambrils.com\/index.php?c_noticia=14074\"&hellip;  <a href=\"https:\/\/agora.xtec.cat\/escjoanardevol\/general\/lescola-participa-a-la-marato\/\" title=\"Read L&#8217;escola participa a la Marat\u00f3\">Llegeix m\u00e9s\u00bb<\/a><\/p>\n","protected":false},"author":1,"featured_media":0,"comment_status":"open","ping_status":"open","sticky":false,"template":"","format":"standard","meta":{"_bbp_topic_count":0,"_bbp_reply_count":0,"_bbp_total_topic_count":0,"_bbp_total_reply_count":0,"_bbp_voice_count":0,"_bbp_anonymous_reply_count":0,"_bbp_topic_count_hidden":0,"_bbp_reply_count_hidden":0,"_bbp_forum_subforum_count":0,"footnotes":""},"categories":[10,12,14,1,2],"tags":[59,75,76,77,94,103,138],"class_list":["post-1377","post","type-post","status-publish","format-standard","hentry","category-1r","category-3r","category-5e","category-general","category-infantil","tag-activitats","tag-cicle-inicial","tag-cicle-mitja","tag-cicle-superior-2","tag-cooperacio","tag-educacio-infantil","tag-marato"],"post_mailing_queue_ids":[],"_links":{"self":[{"href":"https:\/\/agora.xtec.cat\/escjoanardevol\/wp-json\/wp\/v2\/posts\/1377","targetHints":{"allow":["GET"]}}],"collection":[{"href":"https:\/\/agora.xtec.cat\/escjoanardevol\/wp-json\/wp\/v2\/posts"}],"about":[{"href":"https:\/\/agora.xtec.cat\/escjoanardevol\/wp-json\/wp\/v2\/types\/post"}],"author":[{"embeddable":true,"href":"https:\/\/agora.xtec.cat\/escjoanardevol\/wp-json\/wp\/v2\/users\/1"}],"replies":[{"embeddable":true,"href":"https:\/\/agora.xtec.cat\/escjoanardevol\/wp-json\/wp\/v2\/comments?post=1377"}],"version-history":[{"count":0,"href":"https:\/\/agora.xtec.cat\/escjoanardevol\/wp-json\/wp\/v2\/posts\/1377\/revisions"}],"wp:attachment":[{"href":"https:\/\/agora.xtec.cat\/escjoanardevol\/wp-json\/wp\/v2\/media?parent=1377"}],"wp:term":[{"taxonomy":"category","embeddable":true,"href":"https:\/\/agora.xtec.cat\/escjoanardevol\/wp-json\/wp\/v2\/categories?post=1377"},{"taxonomy":"post_tag","embeddable":true,"href":"https:\/\/agora.xtec.cat\/escjoanardevol\/wp-json\/wp\/v2\/tags?post=1377"}],"curies":[{"name":"wp","href":"https:\/\/api.w.org\/{rel}","templated":true}]}}