{"id":1368,"date":"2012-12-13T13:53:38","date_gmt":"2012-12-13T13:53:38","guid":{"rendered":"http:\/\/joanardevol.org\/info\/?p=1368"},"modified":"2012-12-13T13:53:38","modified_gmt":"2012-12-13T13:53:38","slug":"la-nostra-escola-participa-al-cantem-nadal-de-tdcamp","status":"publish","type":"post","link":"https:\/\/agora.xtec.cat\/escjoanardevol\/general\/la-nostra-escola-participa-al-cantem-nadal-de-tdcamp\/","title":{"rendered":"La nostra escola participa al &#8220;Cantem Nadal&#8221; de TDCamp."},"content":{"rendered":"<p>Els alumnes de segon, tercer i sis\u00e8 de la nostra escola participen al programa &#8220;Cantem Nadal&#8221; de TDCamp.\u00a0 Aqu\u00ed us deixem la not\u00edcia perqu\u00e8 aneu fent boca!<\/p>\n<p><iframe loading=\"lazy\" id=\"iframe_chapter\" src=\"http:\/\/tdcamp.xiptv.cat\/embed\/79750?width=548&amp;iframe_width=570&amp;share=&amp;height=308&amp;iframe_height=354\" name=\"iframe_chapter\" frameborder=\"0\" height=\"354\" scrolling=\"no\" width=\"570\"><\/iframe><\/p>\n","protected":false},"excerpt":{"rendered":"<p>Els alumnes de segon, tercer i sis\u00e8 de la nostra escola participen al programa &#8220;Cantem Nadal&#8221; de TDCamp.\u00a0 Aqu\u00ed us deixem la not\u00edcia perqu\u00e8 aneu fent boca!<\/p>\n","protected":false},"author":1,"featured_media":0,"comment_status":"open","ping_status":"open","sticky":false,"template":"","format":"standard","meta":{"_bbp_topic_count":0,"_bbp_reply_count":0,"_bbp_total_topic_count":0,"_bbp_total_reply_count":0,"_bbp_voice_count":0,"_bbp_anonymous_reply_count":0,"_bbp_topic_count_hidden":0,"_bbp_reply_count_hidden":0,"_bbp_forum_subforum_count":0,"footnotes":""},"categories":[10,12,14,1],"tags":[70,145,146,147,181],"class_list":["post-1368","post","type-post","status-publish","format-standard","hentry","category-1r","category-3r","category-5e","category-general","tag-cantem","tag-musica","tag-nadal","tag-nadala","tag-televisio"],"post_mailing_queue_ids":[],"_links":{"self":[{"href":"https:\/\/agora.xtec.cat\/escjoanardevol\/wp-json\/wp\/v2\/posts\/1368","targetHints":{"allow":["GET"]}}],"collection":[{"href":"https:\/\/agora.xtec.cat\/escjoanardevol\/wp-json\/wp\/v2\/posts"}],"about":[{"href":"https:\/\/agora.xtec.cat\/escjoanardevol\/wp-json\/wp\/v2\/types\/post"}],"author":[{"embeddable":true,"href":"https:\/\/agora.xtec.cat\/escjoanardevol\/wp-json\/wp\/v2\/users\/1"}],"replies":[{"embeddable":true,"href":"https:\/\/agora.xtec.cat\/escjoanardevol\/wp-json\/wp\/v2\/comments?post=1368"}],"version-history":[{"count":0,"href":"https:\/\/agora.xtec.cat\/escjoanardevol\/wp-json\/wp\/v2\/posts\/1368\/revisions"}],"wp:attachment":[{"href":"https:\/\/agora.xtec.cat\/escjoanardevol\/wp-json\/wp\/v2\/media?parent=1368"}],"wp:term":[{"taxonomy":"category","embeddable":true,"href":"https:\/\/agora.xtec.cat\/escjoanardevol\/wp-json\/wp\/v2\/categories?post=1368"},{"taxonomy":"post_tag","embeddable":true,"href":"https:\/\/agora.xtec.cat\/escjoanardevol\/wp-json\/wp\/v2\/tags?post=1368"}],"curies":[{"name":"wp","href":"https:\/\/api.w.org\/{rel}","templated":true}]}}