{"id":1334,"date":"2012-11-19T23:33:34","date_gmt":"2012-11-19T23:33:34","guid":{"rendered":"http:\/\/joanardevol.org\/info\/?p=1334"},"modified":"2012-11-19T23:33:34","modified_gmt":"2012-11-19T23:33:34","slug":"catalunya-en-miniatura","status":"publish","type":"post","link":"https:\/\/agora.xtec.cat\/escjoanardevol\/general\/catalunya-en-miniatura\/","title":{"rendered":"Catalunya en miniatura"},"content":{"rendered":"<p>El divendres, 16 d&#8217;octubre, els de 2n vam visitar Catalunya en miniatura.<\/p>\n<p>Va ser un dia fant\u00e0stic!!<\/p>\n<p>El curs passat hav\u00edem guanyat el premi Pilar\u00edn Bay\u00e8s. A banda de publicar-nos el conte, el premi era l&#8217;entrada al parc. Ens va agradar molt. Mireu les fotos!<\/p>\n<p>&nbsp;<br \/>\n<embed type=\"application\/x-shockwave-flash\" src=\"https:\/\/picasaweb.google.com\/s\/c\/bin\/slideshow.swf\" width=\"500\" height=\"330\" flashvars=\"host=picasaweb.google.com&#038;hl=ca&#038;feat=flashalbum&#038;RGB=0x000000&#038;feed=https%3A%2F%2Fpicasaweb.google.com%2Fdata%2Ffeed%2Fapi%2Fuser%2F104461973599168246855%2Falbumid%2F5812669296270376369%3Falt%3Drss%26kind%3Dphoto%26hl%3Dca\" pluginspage=\"http:\/\/www.macromedia.com\/go\/getflashplayer\"><\/embed><\/p>\n","protected":false},"excerpt":{"rendered":"<p>El divendres, 16 d&#8217;octubre, els de 2n vam visitar Catalunya en miniatura.<br \/>\nVa ser un dia fant\u00e0stic!!<br \/>\nEl curs passat hav\u00edem guanyat el premi Pilar\u00edn Bay\u00e8s. A banda de publicar-nos el conte, el premi era l&#8217;entrada al parc. Ens va agradar molt. Mireu les fotos!<br \/>\n&nbsp;<\/p>\n","protected":false},"author":1,"featured_media":0,"comment_status":"open","ping_status":"open","sticky":false,"template":"","format":"standard","meta":{"_bbp_topic_count":0,"_bbp_reply_count":0,"_bbp_total_topic_count":0,"_bbp_total_reply_count":0,"_bbp_voice_count":0,"_bbp_anonymous_reply_count":0,"_bbp_topic_count_hidden":0,"_bbp_reply_count_hidden":0,"_bbp_forum_subforum_count":0,"footnotes":""},"categories":[10,1],"tags":[75,89,160,16],"class_list":["post-1334","post","type-post","status-publish","format-standard","hentry","category-1r","category-general","tag-cicle-inicial","tag-concursos","tag-premis","tag-sortides"],"post_mailing_queue_ids":[],"_links":{"self":[{"href":"https:\/\/agora.xtec.cat\/escjoanardevol\/wp-json\/wp\/v2\/posts\/1334","targetHints":{"allow":["GET"]}}],"collection":[{"href":"https:\/\/agora.xtec.cat\/escjoanardevol\/wp-json\/wp\/v2\/posts"}],"about":[{"href":"https:\/\/agora.xtec.cat\/escjoanardevol\/wp-json\/wp\/v2\/types\/post"}],"author":[{"embeddable":true,"href":"https:\/\/agora.xtec.cat\/escjoanardevol\/wp-json\/wp\/v2\/users\/1"}],"replies":[{"embeddable":true,"href":"https:\/\/agora.xtec.cat\/escjoanardevol\/wp-json\/wp\/v2\/comments?post=1334"}],"version-history":[{"count":0,"href":"https:\/\/agora.xtec.cat\/escjoanardevol\/wp-json\/wp\/v2\/posts\/1334\/revisions"}],"wp:attachment":[{"href":"https:\/\/agora.xtec.cat\/escjoanardevol\/wp-json\/wp\/v2\/media?parent=1334"}],"wp:term":[{"taxonomy":"category","embeddable":true,"href":"https:\/\/agora.xtec.cat\/escjoanardevol\/wp-json\/wp\/v2\/categories?post=1334"},{"taxonomy":"post_tag","embeddable":true,"href":"https:\/\/agora.xtec.cat\/escjoanardevol\/wp-json\/wp\/v2\/tags?post=1334"}],"curies":[{"name":"wp","href":"https:\/\/api.w.org\/{rel}","templated":true}]}}