{"id":1270,"date":"2012-06-20T21:12:08","date_gmt":"2012-06-20T21:12:08","guid":{"rendered":"http:\/\/joanardevol.org\/info\/?p=1270"},"modified":"2012-06-20T21:12:08","modified_gmt":"2012-06-20T21:12:08","slug":"lipdub-joan-ardevol","status":"publish","type":"post","link":"https:\/\/agora.xtec.cat\/escjoanardevol\/general\/lipdub-joan-ardevol\/","title":{"rendered":"VideoClip Joan Ard\u00e8vol"},"content":{"rendered":"<p>Ja tenim fet el muntatge del VideoClip. Podeu veure&#8217;l clicant-hi a sobre.<\/p>\n<p>Moltes gr\u00e0cies a la Comissi\u00f3 de Conviv\u00e8ncia per fer-nos viure uns moments magn\u00edfics, al grup Dame Besos per totes les atencions i al Dani per ajudar-nos a que sigui possible:<br \/>\n<iframe loading=\"lazy\" width=\"560\" height=\"315\" src=\"http:\/\/www.youtube.com\/embed\/NisVlRxfGFI?rel=0\" frameborder=\"0\" allowfullscreen><\/iframe><\/p>\n<p>La can\u00e7\u00f3 &#8220;Competir \u00e9s compartir&#8221; \u00e9s del grup tarragon\u00ed &#8220;Dame besos&#8221; i fomenta els valors del companyerisme, la toler\u00e0ncia, la solidaritat i l&#8217;esfor\u00e7.<\/p>\n","protected":false},"excerpt":{"rendered":"<p>Ja tenim fet el muntatge del VideoClip. Podeu veure&#8217;l clicant-hi a sobre.<br \/>\nMoltes gr\u00e0cies a la Comissi\u00f3 de Conviv\u00e8ncia per fer-nos viure uns moments magn\u00edfics, al grup Dame Besos per totes les atencions i al Dani per ajudar-nos a que sigui possible:<\/p>\n<p>La can\u00e7\u00f3 &#8220;Competir \u00e9s compartir&#8221;&hellip;  <a href=\"https:\/\/agora.xtec.cat\/escjoanardevol\/general\/lipdub-joan-ardevol\/\" title=\"Read VideoClip Joan Ard\u00e8vol\">Llegeix m\u00e9s\u00bb<\/a><\/p>\n","protected":false},"author":1,"featured_media":0,"comment_status":"open","ping_status":"open","sticky":false,"template":"","format":"standard","meta":{"_bbp_topic_count":0,"_bbp_reply_count":0,"_bbp_total_topic_count":0,"_bbp_total_reply_count":0,"_bbp_voice_count":0,"_bbp_anonymous_reply_count":0,"_bbp_topic_count_hidden":0,"_bbp_reply_count_hidden":0,"_bbp_forum_subforum_count":0,"footnotes":""},"categories":[10,12,14,1,2],"tags":[59,93,94,131,187,188],"class_list":["post-1270","post","type-post","status-publish","format-standard","hentry","category-1r","category-3r","category-5e","category-general","category-infantil","tag-activitats","tag-convivencia","tag-cooperacio","tag-lipdub","tag-valors","tag-video"],"post_mailing_queue_ids":[],"_links":{"self":[{"href":"https:\/\/agora.xtec.cat\/escjoanardevol\/wp-json\/wp\/v2\/posts\/1270","targetHints":{"allow":["GET"]}}],"collection":[{"href":"https:\/\/agora.xtec.cat\/escjoanardevol\/wp-json\/wp\/v2\/posts"}],"about":[{"href":"https:\/\/agora.xtec.cat\/escjoanardevol\/wp-json\/wp\/v2\/types\/post"}],"author":[{"embeddable":true,"href":"https:\/\/agora.xtec.cat\/escjoanardevol\/wp-json\/wp\/v2\/users\/1"}],"replies":[{"embeddable":true,"href":"https:\/\/agora.xtec.cat\/escjoanardevol\/wp-json\/wp\/v2\/comments?post=1270"}],"version-history":[{"count":0,"href":"https:\/\/agora.xtec.cat\/escjoanardevol\/wp-json\/wp\/v2\/posts\/1270\/revisions"}],"wp:attachment":[{"href":"https:\/\/agora.xtec.cat\/escjoanardevol\/wp-json\/wp\/v2\/media?parent=1270"}],"wp:term":[{"taxonomy":"category","embeddable":true,"href":"https:\/\/agora.xtec.cat\/escjoanardevol\/wp-json\/wp\/v2\/categories?post=1270"},{"taxonomy":"post_tag","embeddable":true,"href":"https:\/\/agora.xtec.cat\/escjoanardevol\/wp-json\/wp\/v2\/tags?post=1270"}],"curies":[{"name":"wp","href":"https:\/\/api.w.org\/{rel}","templated":true}]}}