{"id":1214,"date":"2012-05-31T21:24:05","date_gmt":"2012-05-31T21:24:05","guid":{"rendered":"http:\/\/joanardevol.org\/info\/?p=1214"},"modified":"2012-05-31T21:24:05","modified_gmt":"2012-05-31T21:24:05","slug":"1b-guanya-el-premi-pilarin-bayes","status":"publish","type":"post","link":"https:\/\/agora.xtec.cat\/escjoanardevol\/general\/1b-guanya-el-premi-pilarin-bayes\/","title":{"rendered":"1B guanya el premi Pilar\u00edn Bay\u00e9s"},"content":{"rendered":"<p>La classe de 1B va guanyar el premi Pilar\u00edn Bay\u00e9s amb el conte &#8220;L&#8217;escola es fa vella&#8221;. El conte explica com, despr\u00e9s d&#8217;uns desperfectes a l&#8217;escola, entre tots: nens, pares&#8230; fem el possible per arreglar-la i superar la crisi.<br \/>\nEl dimecres, la tutora, la Bea, amb dos nens de la classe: el Nizar i l&#8217;Ainhoa, vam recollir el premi al Palau Robert a Barcelona. L&#8217;enhorabona als nens i nenes de 1r!! \u00c9s un premi molt important, s&#8217;hi presentaven m\u00e9s de 1200 contes i el nostre va ser un dels guanyadors.<\/p>\n<p style=\"text-align: center;\"><img loading=\"lazy\" decoding=\"async\" class=\"aligncenter\" src=\"http:\/\/joanardevol.org\/info\/wp-content\/uploads\/2012\/05\/Img_0997b.jpg\" alt=\"\" width=\"560\" height=\"418\" \/><\/p>\n<p>Ara, el nostre conte, juntament amb els altres guanyadors ha estat publicat en un llibre i il\u00b7lustrat per la Pilar\u00edn Bay\u00e9s amb un dibuix molt bonic on surt la Torre del port. Us convidem a venir a la Biblioteca i veure el conte. A les imatges podeu veure com la Bea, amb el Nizar i l&#8217;Ainhoa, recullen el premi i tamb\u00e9 una imatge de la portada del llibre:<\/p>\n\n","protected":false},"excerpt":{"rendered":"<p>La classe de 1B va guanyar el premi Pilar\u00edn Bay\u00e9s amb el conte &#8220;L&#8217;escola es fa vella&#8221;. El conte explica com, despr\u00e9s d&#8217;uns desperfectes a l&#8217;escola, entre tots: nens, pares&#8230; fem el possible per arreglar-la i superar la crisi.<br \/>\nEl dimecres, la tutora, la Bea, amb&hellip;  <a href=\"https:\/\/agora.xtec.cat\/escjoanardevol\/general\/1b-guanya-el-premi-pilarin-bayes\/\" title=\"Read 1B guanya el premi Pilar\u00edn Bay\u00e9s\">Llegeix m\u00e9s\u00bb<\/a><\/p>\n","protected":false},"author":1,"featured_media":0,"comment_status":"open","ping_status":"open","sticky":false,"template":"","format":"standard","meta":{"_bbp_topic_count":0,"_bbp_reply_count":0,"_bbp_total_topic_count":0,"_bbp_total_reply_count":0,"_bbp_voice_count":0,"_bbp_anonymous_reply_count":0,"_bbp_topic_count_hidden":0,"_bbp_reply_count_hidden":0,"_bbp_forum_subforum_count":0,"footnotes":""},"categories":[10,1],"tags":[75,89,94,160,187],"class_list":["post-1214","post","type-post","status-publish","format-standard","hentry","category-1r","category-general","tag-cicle-inicial","tag-concursos","tag-cooperacio","tag-premis","tag-valors"],"post_mailing_queue_ids":[],"_links":{"self":[{"href":"https:\/\/agora.xtec.cat\/escjoanardevol\/wp-json\/wp\/v2\/posts\/1214","targetHints":{"allow":["GET"]}}],"collection":[{"href":"https:\/\/agora.xtec.cat\/escjoanardevol\/wp-json\/wp\/v2\/posts"}],"about":[{"href":"https:\/\/agora.xtec.cat\/escjoanardevol\/wp-json\/wp\/v2\/types\/post"}],"author":[{"embeddable":true,"href":"https:\/\/agora.xtec.cat\/escjoanardevol\/wp-json\/wp\/v2\/users\/1"}],"replies":[{"embeddable":true,"href":"https:\/\/agora.xtec.cat\/escjoanardevol\/wp-json\/wp\/v2\/comments?post=1214"}],"version-history":[{"count":0,"href":"https:\/\/agora.xtec.cat\/escjoanardevol\/wp-json\/wp\/v2\/posts\/1214\/revisions"}],"wp:attachment":[{"href":"https:\/\/agora.xtec.cat\/escjoanardevol\/wp-json\/wp\/v2\/media?parent=1214"}],"wp:term":[{"taxonomy":"category","embeddable":true,"href":"https:\/\/agora.xtec.cat\/escjoanardevol\/wp-json\/wp\/v2\/categories?post=1214"},{"taxonomy":"post_tag","embeddable":true,"href":"https:\/\/agora.xtec.cat\/escjoanardevol\/wp-json\/wp\/v2\/tags?post=1214"}],"curies":[{"name":"wp","href":"https:\/\/api.w.org\/{rel}","templated":true}]}}