{"id":1076,"date":"2012-04-16T07:07:32","date_gmt":"2012-04-16T07:07:32","guid":{"rendered":"http:\/\/joanardevol.org\/info\/?p=1076"},"modified":"2012-04-16T07:07:32","modified_gmt":"2012-04-16T07:07:32","slug":"mestres","status":"publish","type":"post","link":"https:\/\/agora.xtec.cat\/escjoanardevol\/general\/mestres\/","title":{"rendered":"Mestres"},"content":{"rendered":"<p>Us agraeixo l\u2019atenci\u00f3 que ens doneu<br \/>\nja que \u00e9s bastant el que aguanteu.<\/p>\n<p>S\u00e9 que \u00e9s dif\u00edcil ser professor,<br \/>\nencara que ho feu amb il\u2022lusi\u00f3.<\/p>\n<p>Vosaltres ens heu ensenyat a no abandonar,<br \/>\na pensar en positiu<br \/>\ni mai en negatiu.<\/p>\n<p>Encara que no ho demostrem<br \/>\nels nens us apreciem<br \/>\nm\u00e9s del que us penseu.<\/p>\n<p style=\"text-align: left;\">I \u00e9s que per nosaltres, seguiu sent com sou!<br \/>\nPerqu\u00e8 amb aix\u00f2 en tenim m\u00e9s que prou.<\/p>\n<p>&#8212;&#8211;<\/p>\n<p style=\"text-align: left;\"><em>Ana In\u00e9s Morales<\/em><\/p>\n","protected":false},"excerpt":{"rendered":"<p>Us agraeixo l\u2019atenci\u00f3 que ens doneu<br \/>\nja que \u00e9s bastant el que aguanteu.<br \/>\nS\u00e9 que \u00e9s dif\u00edcil ser professor,<br \/>\nencara que ho feu amb il\u2022lusi\u00f3.<br \/>\nVosaltres ens heu ensenyat a no abandonar,<br \/>\na pensar en positiu<br \/>\ni mai en negatiu.<br \/>\nEncara que no ho demostrem<br \/>\nels nens us apreciem<br \/>\nm\u00e9s del que us penseu.<br \/>\nI&hellip;  <a href=\"https:\/\/agora.xtec.cat\/escjoanardevol\/general\/mestres\/\" title=\"Read Mestres\">Llegeix m\u00e9s\u00bb<\/a><\/p>\n","protected":false},"author":1,"featured_media":0,"comment_status":"open","ping_status":"open","sticky":false,"template":"","format":"standard","meta":{"_bbp_topic_count":0,"_bbp_reply_count":0,"_bbp_total_topic_count":0,"_bbp_total_reply_count":0,"_bbp_voice_count":0,"_bbp_anonymous_reply_count":0,"_bbp_topic_count_hidden":0,"_bbp_reply_count_hidden":0,"_bbp_forum_subforum_count":0,"footnotes":""},"categories":[14,1],"tags":[59,77,82,157],"class_list":["post-1076","post","type-post","status-publish","format-standard","hentry","category-5e","category-general","tag-activitats","tag-cicle-superior-2","tag-cinque","tag-poesia"],"post_mailing_queue_ids":[],"_links":{"self":[{"href":"https:\/\/agora.xtec.cat\/escjoanardevol\/wp-json\/wp\/v2\/posts\/1076","targetHints":{"allow":["GET"]}}],"collection":[{"href":"https:\/\/agora.xtec.cat\/escjoanardevol\/wp-json\/wp\/v2\/posts"}],"about":[{"href":"https:\/\/agora.xtec.cat\/escjoanardevol\/wp-json\/wp\/v2\/types\/post"}],"author":[{"embeddable":true,"href":"https:\/\/agora.xtec.cat\/escjoanardevol\/wp-json\/wp\/v2\/users\/1"}],"replies":[{"embeddable":true,"href":"https:\/\/agora.xtec.cat\/escjoanardevol\/wp-json\/wp\/v2\/comments?post=1076"}],"version-history":[{"count":0,"href":"https:\/\/agora.xtec.cat\/escjoanardevol\/wp-json\/wp\/v2\/posts\/1076\/revisions"}],"wp:attachment":[{"href":"https:\/\/agora.xtec.cat\/escjoanardevol\/wp-json\/wp\/v2\/media?parent=1076"}],"wp:term":[{"taxonomy":"category","embeddable":true,"href":"https:\/\/agora.xtec.cat\/escjoanardevol\/wp-json\/wp\/v2\/categories?post=1076"},{"taxonomy":"post_tag","embeddable":true,"href":"https:\/\/agora.xtec.cat\/escjoanardevol\/wp-json\/wp\/v2\/tags?post=1076"}],"curies":[{"name":"wp","href":"https:\/\/api.w.org\/{rel}","templated":true}]}}