{"id":1037,"date":"2012-03-26T11:40:30","date_gmt":"2012-03-26T11:40:30","guid":{"rendered":"http:\/\/joanardevol.org\/info\/?p=1037"},"modified":"2012-03-26T11:40:30","modified_gmt":"2012-03-26T11:40:30","slug":"programa-si-les-families-col%c2%b7laboren-2","status":"publish","type":"post","link":"https:\/\/agora.xtec.cat\/escjoanardevol\/general\/programa-si-les-families-col%c2%b7laboren-2\/","title":{"rendered":"PROGRAMA SI: Les fam\u00edlies col\u00b7laboren"},"content":{"rendered":"<p>Algunes\u00a0 fam\u00edlies de P3 ens han fet\u00a0 arribar les seves fotos de les activitats proposades en les notes saludables del Programa Si.<\/p>\n<p>Oi que s\u00f3n divertides? Us agra\u00efm la vostra participaci\u00f3 i animem a tots i totes a seguir col\u00b7laborant.<\/p>\n<p>&nbsp;<\/p>\n<div class=\"mceTemp\"><\/div>\n<figure class=\"figure wp-caption alignleft\"><a href=\"http:\/\/joanardevol.org\/info\/wp-content\/uploads\/2012\/03\/IMG_0463.jpg\"><img loading=\"lazy\" decoding=\"async\" class=\"wp-image-1041  \" title=\"IMG_0463\" src=\"http:\/\/joanardevol.org\/info\/wp-content\/uploads\/2012\/03\/IMG_0463.jpg\" alt=\"\" width=\"330\" height=\"247\" srcset=\"https:\/\/agora.xtec.cat\/escjoanardevol\/wp-content\/uploads\/usu550\/2012\/03\/IMG_0463.jpg 1000w, https:\/\/agora.xtec.cat\/escjoanardevol\/wp-content\/uploads\/usu550\/2012\/03\/IMG_0463-300x225.jpg 300w, https:\/\/agora.xtec.cat\/escjoanardevol\/wp-content\/uploads\/usu550\/2012\/03\/IMG_0463-768x576.jpg 768w, https:\/\/agora.xtec.cat\/escjoanardevol\/wp-content\/uploads\/usu550\/2012\/03\/IMG_0463-200x150.jpg 200w\" sizes=\"auto, (max-width: 330px) 100vw, 330px\" \/><\/a><figcaption class=\"wp-caption-text\">L&#39;Alba fa el pur\u00e9 de patatas<\/figcaption><\/figure>\n<figure class=\"figure wp-caption alignright\"><a href=\"http:\/\/joanardevol.org\/info\/wp-content\/uploads\/2012\/03\/IMG_04612.jpg\"><img loading=\"lazy\" decoding=\"async\" class=\"size-medium wp-image-1048  \" title=\"IMG_0461\" src=\"http:\/\/joanardevol.org\/info\/wp-content\/uploads\/2012\/03\/IMG_04612-300x225.jpg\" alt=\"\" width=\"330\" height=\"247\" srcset=\"https:\/\/agora.xtec.cat\/escjoanardevol\/wp-content\/uploads\/usu550\/2012\/03\/IMG_04612-300x225.jpg 300w, https:\/\/agora.xtec.cat\/escjoanardevol\/wp-content\/uploads\/usu550\/2012\/03\/IMG_04612-768x576.jpg 768w, https:\/\/agora.xtec.cat\/escjoanardevol\/wp-content\/uploads\/usu550\/2012\/03\/IMG_04612-200x150.jpg 200w, https:\/\/agora.xtec.cat\/escjoanardevol\/wp-content\/uploads\/usu550\/2012\/03\/IMG_04612.jpg 1000w\" sizes=\"auto, (max-width: 330px) 100vw, 330px\" \/><\/a><figcaption class=\"wp-caption-text\">L&#39;Iris fa pa a casa<\/figcaption><\/figure>\n<p>&nbsp;<\/p>\n<p>&nbsp;<\/p>\n<p>&nbsp;<\/p>\n","protected":false},"excerpt":{"rendered":"<p>Algunes\u00a0 fam\u00edlies de P3 ens han fet\u00a0 arribar les seves fotos de les activitats proposades en les notes saludables del Programa Si.<br \/>\nOi que s\u00f3n divertides? Us agra\u00efm la vostra participaci\u00f3 i animem a tots i totes a seguir col\u00b7laborant.<br \/>\n&nbsp;<\/p>\n<p><a href=\"http:\/\/joanardevol.org\/info\/wp-content\/uploads\/2012\/03\/IMG_0463.jpg\"><\/a>L&#39;Alba fa el pur\u00e9 de patatas<br \/>\n<a&hellip;  <a href=\"https:\/\/agora.xtec.cat\/escjoanardevol\/general\/programa-si-les-families-col%c2%b7laboren-2\/\" title=\"Read PROGRAMA SI: Les fam\u00edlies col\u00b7laboren\">Llegeix m\u00e9s\u00bb<\/a><\/p>\n","protected":false},"author":1,"featured_media":0,"comment_status":"open","ping_status":"open","sticky":false,"template":"","format":"standard","meta":{"_bbp_topic_count":0,"_bbp_reply_count":0,"_bbp_total_topic_count":0,"_bbp_total_reply_count":0,"_bbp_voice_count":0,"_bbp_anonymous_reply_count":0,"_bbp_topic_count_hidden":0,"_bbp_reply_count_hidden":0,"_bbp_forum_subforum_count":0,"footnotes":""},"categories":[1,2],"tags":[],"class_list":["post-1037","post","type-post","status-publish","format-standard","hentry","category-general","category-infantil"],"post_mailing_queue_ids":[],"_links":{"self":[{"href":"https:\/\/agora.xtec.cat\/escjoanardevol\/wp-json\/wp\/v2\/posts\/1037","targetHints":{"allow":["GET"]}}],"collection":[{"href":"https:\/\/agora.xtec.cat\/escjoanardevol\/wp-json\/wp\/v2\/posts"}],"about":[{"href":"https:\/\/agora.xtec.cat\/escjoanardevol\/wp-json\/wp\/v2\/types\/post"}],"author":[{"embeddable":true,"href":"https:\/\/agora.xtec.cat\/escjoanardevol\/wp-json\/wp\/v2\/users\/1"}],"replies":[{"embeddable":true,"href":"https:\/\/agora.xtec.cat\/escjoanardevol\/wp-json\/wp\/v2\/comments?post=1037"}],"version-history":[{"count":0,"href":"https:\/\/agora.xtec.cat\/escjoanardevol\/wp-json\/wp\/v2\/posts\/1037\/revisions"}],"wp:attachment":[{"href":"https:\/\/agora.xtec.cat\/escjoanardevol\/wp-json\/wp\/v2\/media?parent=1037"}],"wp:term":[{"taxonomy":"category","embeddable":true,"href":"https:\/\/agora.xtec.cat\/escjoanardevol\/wp-json\/wp\/v2\/categories?post=1037"},{"taxonomy":"post_tag","embeddable":true,"href":"https:\/\/agora.xtec.cat\/escjoanardevol\/wp-json\/wp\/v2\/tags?post=1037"}],"curies":[{"name":"wp","href":"https:\/\/api.w.org\/{rel}","templated":true}]}}