{"id":1007,"date":"2012-03-19T11:46:20","date_gmt":"2012-03-19T11:46:20","guid":{"rendered":"http:\/\/joanardevol.org\/info\/?p=1007"},"modified":"2012-03-19T11:46:20","modified_gmt":"2012-03-19T11:46:20","slug":"p4-visita-els-bombers","status":"publish","type":"post","link":"https:\/\/agora.xtec.cat\/escjoanardevol\/general\/p4-visita-els-bombers\/","title":{"rendered":"P4 VISITA ELS BOMBERS"},"content":{"rendered":"<p>Dimecres, 14 de mar\u00e7, els nens i les nenes de P4 vam visitar els bombers de Cambrils. Vam passar tot el mat\u00ed amb ells i ens van ensenyar moltes coses. Va ser molt divertit posar-nos un casc de bomber, pujar al cami\u00f3 i fer servir la m\u00e0nega.<br \/>\n<object width=\"500\" height=\"333\" classid=\"clsid:d27cdb6e-ae6d-11cf-96b8-444553540000\" codebase=\"http:\/\/download.macromedia.com\/pub\/shockwave\/cabs\/flash\/swflash.cab#version=6,0,40,0\"><param name=\"src\" value=\"https:\/\/picasaweb.google.com\/s\/c\/bin\/slideshow.swf\" \/><param name=\"flashvars\" value=\"host=picasaweb.google.com&amp;hl=ca&amp;feat=flashalbum&amp;RGB=0x000000&amp;feed=https%3A%2F%2Fpicasaweb.google.com%2Fdata%2Ffeed%2Fapi%2Fuser%2F118145186668281686585%2Falbumid%2F5720425821994222145%3Falt%3Drss%26kind%3Dphoto%26hl%3Dca\" \/><param name=\"pluginspage\" value=\"http:\/\/www.macromedia.com\/go\/getflashplayer\" \/><embed width=\"500\" height=\"333\" type=\"application\/x-shockwave-flash\" src=\"https:\/\/picasaweb.google.com\/s\/c\/bin\/slideshow.swf\" flashvars=\"host=picasaweb.google.com&amp;hl=ca&amp;feat=flashalbum&amp;RGB=0x000000&amp;feed=https%3A%2F%2Fpicasaweb.google.com%2Fdata%2Ffeed%2Fapi%2Fuser%2F118145186668281686585%2Falbumid%2F5720425821994222145%3Falt%3Drss%26kind%3Dphoto%26hl%3Dca\" pluginspage=\"http:\/\/www.macromedia.com\/go\/getflashplayer\" \/><\/object><\/p>\n<div style=\"text-align: -webkit-center;\"><span style=\"font-family: Verdana, Arial, Helvetica, sans-serif;\"><span style=\"font-size: 11px; line-height: normal;\"><br \/>\n<\/span><\/span><\/div>\n","protected":false},"excerpt":{"rendered":"<p>Dimecres, 14 de mar\u00e7, els nens i les nenes de P4 vam visitar els bombers de Cambrils. Vam passar tot el mat\u00ed amb ells i ens van ensenyar moltes coses. Va ser molt divertit posar-nos un casc de bomber, pujar al cami\u00f3 i fer servir&hellip;  <a href=\"https:\/\/agora.xtec.cat\/escjoanardevol\/general\/p4-visita-els-bombers\/\" title=\"Read P4 VISITA ELS BOMBERS\">Llegeix m\u00e9s\u00bb<\/a><\/p>\n","protected":false},"author":1,"featured_media":0,"comment_status":"open","ping_status":"open","sticky":false,"template":"","format":"standard","meta":{"_bbp_topic_count":0,"_bbp_reply_count":0,"_bbp_total_topic_count":0,"_bbp_total_reply_count":0,"_bbp_voice_count":0,"_bbp_anonymous_reply_count":0,"_bbp_topic_count_hidden":0,"_bbp_reply_count_hidden":0,"_bbp_forum_subforum_count":0,"footnotes":""},"categories":[1,2],"tags":[103,16],"class_list":["post-1007","post","type-post","status-publish","format-standard","hentry","category-general","category-infantil","tag-educacio-infantil","tag-sortides"],"post_mailing_queue_ids":[],"_links":{"self":[{"href":"https:\/\/agora.xtec.cat\/escjoanardevol\/wp-json\/wp\/v2\/posts\/1007","targetHints":{"allow":["GET"]}}],"collection":[{"href":"https:\/\/agora.xtec.cat\/escjoanardevol\/wp-json\/wp\/v2\/posts"}],"about":[{"href":"https:\/\/agora.xtec.cat\/escjoanardevol\/wp-json\/wp\/v2\/types\/post"}],"author":[{"embeddable":true,"href":"https:\/\/agora.xtec.cat\/escjoanardevol\/wp-json\/wp\/v2\/users\/1"}],"replies":[{"embeddable":true,"href":"https:\/\/agora.xtec.cat\/escjoanardevol\/wp-json\/wp\/v2\/comments?post=1007"}],"version-history":[{"count":0,"href":"https:\/\/agora.xtec.cat\/escjoanardevol\/wp-json\/wp\/v2\/posts\/1007\/revisions"}],"wp:attachment":[{"href":"https:\/\/agora.xtec.cat\/escjoanardevol\/wp-json\/wp\/v2\/media?parent=1007"}],"wp:term":[{"taxonomy":"category","embeddable":true,"href":"https:\/\/agora.xtec.cat\/escjoanardevol\/wp-json\/wp\/v2\/categories?post=1007"},{"taxonomy":"post_tag","embeddable":true,"href":"https:\/\/agora.xtec.cat\/escjoanardevol\/wp-json\/wp\/v2\/tags?post=1007"}],"curies":[{"name":"wp","href":"https:\/\/api.w.org\/{rel}","templated":true}]}}