{"id":241,"count":1,"description":"<strong>ERASMUS+<\/strong>\r\n\r\nL'escola Joan Ard\u00e8vol est\u00e0 duent a terme un projecte de caire europeu KA229, d'intercanvi d'experi\u00e8ncies escolars, amb alumnes, entre diversos centres d'Europa.\r\n\r\nProjecte 2019-2021:\r\n<table>\r\n<tbody>\r\n<tr>\r\n<td><strong>Hug your environment against the 4P<\/strong><\/td>\r\n<td><strong>HYEA4P<\/strong><\/td>\r\n<\/tr>\r\n<tr>\r\n<td><a href=\"http:\/\/www.zemedelska-akademie.cz\/\" target=\"_blank\" rel=\"noopener noreferrer\">Agriculture Academy and Grammar school Horice<\/a><\/td>\r\n<td>Rep\u00fablica Txeca<\/td>\r\n<\/tr>\r\n<tr>\r\n<td><a href=\"http:\/\/ellinciyililkokulu.meb.k12.tr\/\" target=\"_blank\" rel=\"noopener noreferrer\">Bayrakli 50.yil Ilkokulu<\/a><\/td>\r\n<td>Turquia<\/td>\r\n<\/tr>\r\n<tr>\r\n<td><a href=\"https:\/\/www.stockwell-pri.lambeth.sch.uk\/\" target=\"_blank\" rel=\"noopener noreferrer\">Stockwell Primary School<\/a><\/td>\r\n<td>Regne Unit<\/td>\r\n<\/tr>\r\n<tr>\r\n<td><a href=\"https:\/\/www.icmarinadicerveteri.edu.it\/\" target=\"_blank\" rel=\"noopener noreferrer\">Istituto Comprensivo Marina di Cerveteri<\/a><\/td>\r\n<td>It\u00e0lia<\/td>\r\n<\/tr>\r\n<tr>\r\n<td><a href=\"https:\/\/agora.xtec.cat\/escjoanardevol\/\" target=\"_blank\" rel=\"noopener noreferrer\">Escola Joan Ard\u00e8vol<\/a><\/td>\r\n<td>Espanya<\/td>\r\n<\/tr>\r\n<tr>\r\n<td>Resum del projecte:<\/td>\r\n<td><a href=\"https:\/\/agora.xtec.cat\/escjoanardevol\/wp-content\/uploads\/usu550\/2020\/01\/hugyourenvironmentagainst4p-ABSTRACT.pdf\" target=\"_blank\" rel=\"noopener noreferrer\">Abstract HYEA4P<\/a><\/td>\r\n<\/tr>\r\n<\/tbody>\r\n<\/table>\r\n&nbsp;","link":"https:\/\/agora.xtec.cat\/escjoanardevol\/categoria\/erasmus\/","name":"Erasmus+","slug":"erasmus","taxonomy":"category","parent":0,"meta":[],"_links":{"self":[{"href":"https:\/\/agora.xtec.cat\/escjoanardevol\/wp-json\/wp\/v2\/categories\/241","targetHints":{"allow":["GET"]}}],"collection":[{"href":"https:\/\/agora.xtec.cat\/escjoanardevol\/wp-json\/wp\/v2\/categories"}],"about":[{"href":"https:\/\/agora.xtec.cat\/escjoanardevol\/wp-json\/wp\/v2\/taxonomies\/category"}],"wp:post_type":[{"href":"https:\/\/agora.xtec.cat\/escjoanardevol\/wp-json\/wp\/v2\/posts?categories=241"}],"curies":[{"name":"wp","href":"https:\/\/api.w.org\/{rel}","templated":true}]}}