{"id":220,"count":5,"description":"En aquesta secci\u00f3 podreu trobar articles relacionats amb el projecte de medi que s'est\u00e0 duent a terme amb els alumnes de 6\u00e8 durant aquest curs.\r\n\r\nEl tema del projecte \u00e9s, tal i com indica el nom de la secci\u00f3, \"Tecnologia i salut\". Creieu que fan un bon equip?","link":"https:\/\/agora.xtec.cat\/escjoanardevol\/categoria\/tecnologia-i-salut-17-18\/","name":"Tecnologia i salut1718","slug":"tecnologia-i-salut-17-18","taxonomy":"category","parent":0,"meta":[],"_links":{"self":[{"href":"https:\/\/agora.xtec.cat\/escjoanardevol\/wp-json\/wp\/v2\/categories\/220","targetHints":{"allow":["GET"]}}],"collection":[{"href":"https:\/\/agora.xtec.cat\/escjoanardevol\/wp-json\/wp\/v2\/categories"}],"about":[{"href":"https:\/\/agora.xtec.cat\/escjoanardevol\/wp-json\/wp\/v2\/taxonomies\/category"}],"wp:post_type":[{"href":"https:\/\/agora.xtec.cat\/escjoanardevol\/wp-json\/wp\/v2\/posts?categories=220"}],"curies":[{"name":"wp","href":"https:\/\/api.w.org\/{rel}","templated":true}]}}