{"id":5749,"date":"2026-04-27T15:37:08","date_gmt":"2026-04-27T13:37:08","guid":{"rendered":"https:\/\/agora.xtec.cat\/escjaume1rllivia\/?p=5749"},"modified":"2026-04-27T15:38:35","modified_gmt":"2026-04-27T13:38:35","slug":"la-madrina-mandarina-omple-lescola-dhistories","status":"publish","type":"post","link":"https:\/\/agora.xtec.cat\/escjaume1rllivia\/portada\/general\/la-madrina-mandarina-omple-lescola-dhistories\/","title":{"rendered":"La Madrina Mandarina omple l\u2019escola d&#8217;histories"},"content":{"rendered":"\n<h2 class=\"wp-block-heading\"><\/h2>\n\n\n\n<p>L\u2019endem\u00e0 de Sant Jordi vam viure una experi\u00e8ncia molt especial a l\u2019escola amb la visita de la Madrina Mandarina, del projecte Contes de Mandarina. Al llarg de diverses sessions, tots els alumnes de l\u2019escola van poder gaudir de la m\u00e0gia de la narraci\u00f3 oral i endinsar-se en hist\u00f2ries plenes d\u2019imaginaci\u00f3, emoci\u00f3 i fantasia.<\/p>\n\n\n\n<p>La Madrina Mandarina, nom art\u00edstic de M\u00edriam Sarabia, \u00e9s escriptora i contacontes. Amb el seu cab\u00e0s de contes, ens va transportar a mons sorprenents i ens va fer viure moments molt bonics a trav\u00e9s de la paraula, els gestos i els objectes que acompanyaven cada hist\u00f2ria.<\/p>\n\n\n\n<p>Durant les sessions, els infants van escoltar contes com En Dric i la ll\u00fadriga i tamb\u00e9 un conte de por als m\u00e9s grans, que va mantenir l\u2019alumnat ben atent i emocionat. Cada grup va poder gaudir d\u2019una proposta adaptada a la seva edat, en un ambient proper, participatiu i ple d\u2019encant.<\/p>\n\n\n\n<p>Els contes tenen el poder de despertar la imaginaci\u00f3, fer cr\u00e9ixer el gust per la lectura i ajudar-nos a estimar la llengua i la literatura. Per aix\u00f2, la visita de la Madrina Mandarina, just despr\u00e9s de Sant Jordi, va ser una manera preciosa de continuar celebrant la for\u00e7a de les hist\u00f2ries i la paraula compartida.<\/p>\n\n\n\n<p>Agra\u00efm molt a la Madrina Mandarina la seva visita i la manera com ens va fer viure els contes. Ha estat una experi\u00e8ncia preciosa que de ben segur recordarem!<\/p>\n\n\n\n<p><a href=\"https:\/\/agora.xtec.cat\/escjaume1rllivia\/protegit\/la-madrina-mandarina\/\">Cliqueu en aquest enlla\u00e7 per poder veure les fotografies<\/a><\/p>\n\n\n\n<p><\/p>\n","protected":false},"excerpt":{"rendered":"<p>L\u2019endem\u00e0 de Sant Jordi vam viure una experi\u00e8ncia molt especial a l\u2019escola amb la visita de la Madrina Mandarina, del projecte Contes de Mandarina. Al llarg de diverses sessions, tots els alumnes de l\u2019escola van poder gaudir de la m\u00e0gia de la narraci\u00f3 oral i endinsar-se en hist\u00f2ries plenes d\u2019imaginaci\u00f3, emoci\u00f3 i fantasia. La Madrina [&hellip;]<\/p>\n","protected":false},"author":1,"featured_media":5767,"comment_status":"open","ping_status":"open","sticky":false,"template":"","format":"standard","meta":{"_bbp_topic_count":0,"_bbp_reply_count":0,"_bbp_total_topic_count":0,"_bbp_total_reply_count":0,"_bbp_voice_count":0,"_bbp_anonymous_reply_count":0,"_bbp_topic_count_hidden":0,"_bbp_reply_count_hidden":0,"_bbp_forum_subforum_count":0,"site-sidebar-layout":"default","site-content-layout":"","ast-site-content-layout":"default","site-content-style":"default","site-sidebar-style":"default","ast-global-header-display":"","ast-banner-title-visibility":"","ast-main-header-display":"","ast-hfb-above-header-display":"","ast-hfb-below-header-display":"","ast-hfb-mobile-header-display":"","site-post-title":"","ast-breadcrumbs-content":"","ast-featured-img":"","footer-sml-layout":"","theme-transparent-header-meta":"","adv-header-id-meta":"","stick-header-meta":"","header-above-stick-meta":"","header-main-stick-meta":"","header-below-stick-meta":"","astra-migrate-meta-layouts":"set","ast-page-background-enabled":"default","ast-page-background-meta":{"desktop":{"background-color":"var(--ast-global-color-4)","background-image":"","background-repeat":"repeat","background-position":"center center","background-size":"auto","background-attachment":"scroll","background-type":"","background-media":"","overlay-type":"","overlay-color":"","overlay-opacity":"","overlay-gradient":""},"tablet":{"background-color":"","background-image":"","background-repeat":"repeat","background-position":"center center","background-size":"auto","background-attachment":"scroll","background-type":"","background-media":"","overlay-type":"","overlay-color":"","overlay-opacity":"","overlay-gradient":""},"mobile":{"background-color":"","background-image":"","background-repeat":"repeat","background-position":"center center","background-size":"auto","background-attachment":"scroll","background-type":"","background-media":"","overlay-type":"","overlay-color":"","overlay-opacity":"","overlay-gradient":""}},"ast-content-background-meta":{"desktop":{"background-color":"var(--ast-global-color-5)","background-image":"","background-repeat":"repeat","background-position":"center center","background-size":"auto","background-attachment":"scroll","background-type":"","background-media":"","overlay-type":"","overlay-color":"","overlay-opacity":"","overlay-gradient":""},"tablet":{"background-color":"var(--ast-global-color-5)","background-image":"","background-repeat":"repeat","background-position":"center center","background-size":"auto","background-attachment":"scroll","background-type":"","background-media":"","overlay-type":"","overlay-color":"","overlay-opacity":"","overlay-gradient":""},"mobile":{"background-color":"var(--ast-global-color-5)","background-image":"","background-repeat":"repeat","background-position":"center center","background-size":"auto","background-attachment":"scroll","background-type":"","background-media":"","overlay-type":"","overlay-color":"","overlay-opacity":"","overlay-gradient":""}},"footnotes":""},"categories":[1,2,4,5],"tags":[],"class_list":["post-5749","post","type-post","status-publish","format-standard","has-post-thumbnail","hentry","category-general","category-infantil","category-portada","category-primaria"],"post_mailing_queue_ids":[],"_links":{"self":[{"href":"https:\/\/agora.xtec.cat\/escjaume1rllivia\/wp-json\/wp\/v2\/posts\/5749","targetHints":{"allow":["GET"]}}],"collection":[{"href":"https:\/\/agora.xtec.cat\/escjaume1rllivia\/wp-json\/wp\/v2\/posts"}],"about":[{"href":"https:\/\/agora.xtec.cat\/escjaume1rllivia\/wp-json\/wp\/v2\/types\/post"}],"author":[{"embeddable":true,"href":"https:\/\/agora.xtec.cat\/escjaume1rllivia\/wp-json\/wp\/v2\/users\/1"}],"replies":[{"embeddable":true,"href":"https:\/\/agora.xtec.cat\/escjaume1rllivia\/wp-json\/wp\/v2\/comments?post=5749"}],"version-history":[{"count":2,"href":"https:\/\/agora.xtec.cat\/escjaume1rllivia\/wp-json\/wp\/v2\/posts\/5749\/revisions"}],"predecessor-version":[{"id":5768,"href":"https:\/\/agora.xtec.cat\/escjaume1rllivia\/wp-json\/wp\/v2\/posts\/5749\/revisions\/5768"}],"wp:featuredmedia":[{"embeddable":true,"href":"https:\/\/agora.xtec.cat\/escjaume1rllivia\/wp-json\/wp\/v2\/media\/5767"}],"wp:attachment":[{"href":"https:\/\/agora.xtec.cat\/escjaume1rllivia\/wp-json\/wp\/v2\/media?parent=5749"}],"wp:term":[{"taxonomy":"category","embeddable":true,"href":"https:\/\/agora.xtec.cat\/escjaume1rllivia\/wp-json\/wp\/v2\/categories?post=5749"},{"taxonomy":"post_tag","embeddable":true,"href":"https:\/\/agora.xtec.cat\/escjaume1rllivia\/wp-json\/wp\/v2\/tags?post=5749"}],"curies":[{"name":"wp","href":"https:\/\/api.w.org\/{rel}","templated":true}]}}