{"id":3351,"date":"2021-10-07T10:39:45","date_gmt":"2021-10-07T08:39:45","guid":{"rendered":"https:\/\/agora.xtec.cat\/escjaume1rllivia\/?p=3351"},"modified":"2021-10-07T10:42:22","modified_gmt":"2021-10-07T08:42:22","slug":"cs-sortida-als-llacs-de-la-pera-uns-llacs-dorigen-glacial","status":"publish","type":"post","link":"https:\/\/agora.xtec.cat\/escjaume1rllivia\/portada\/general\/cs-sortida-als-llacs-de-la-pera-uns-llacs-dorigen-glacial\/","title":{"rendered":"CS : Sortida als Llacs de la Pera, uns llacs d&#8217;origen glacial"},"content":{"rendered":"<p>CS : <strong>Sortida als Llacs de la Pera, uns llacs d\u2019origen glacial<\/strong><\/p>\n<p>El dia 28 de setembre, els nens i les nenes de Cicle Superior, vam anar als Llacs de la Pera. D\u00faiem l\u2019Albert del Meteo Pirineus Catalans de guia. Ell \u00e9s ge\u00f2leg i sap un munt de coses sobre l\u2019entorn. Vam anar m\u00e9s d\u2019una hora en autocar fins al Cap del Rec. All\u00ed, vam obrir la barrera (perqu\u00e8 ara l\u2019acc\u00e9s \u00e9s restringit) i vam anar fins a Pollineres per esmorzar.<\/p>\n<p>L\u2019Albert ens va explicar que fa molts i molts anys, la neu s\u2019acumulava dalt de les muntanyes, es gelava i aquell gel acumulat, baixava pels pendents i arrossegava tot de pedres cap al final de la vall. Per aix\u00f2 la vall de sota del pic del Perafita t\u00e9 forma de U.<\/p>\n<p>Vam seguir el recorregut de l\u2019antiga glacera, per\u00f2 a l\u2019inrev\u00e9s de baix cap a dalt.<\/p>\n<p>Pel cam\u00ed vam trobar una cascada molt xula i vam anar identificant algunes roques. Ens van explicar que era el granit i que estava format per quars, feldspat i mica.<\/p>\n<p>Tamb\u00e9 vam aprendre que eren aquelles taques grogues i verdes de sobre les pedres, eren l\u00edquens (una simbiosi entre un fong i una alga). Els l\u00edquens eren els responsables de desfer les roques i transformar-les en sorra, per poder donar vida a plantes i arbres.<\/p>\n<p>Vam visitar els dos llacs, i vam dinar davant del refugi. All\u00ed vam trobar-nos la planta m\u00e9s verinosa d\u2019Europa, \u201cla tora blava\u201d. L\u2019Albert ens va explicar que t\u00e9 un ver\u00ed molt fort que podia matar persones i que hem de vigilar molt amb no tocar-la.<\/p>\n<p>Va ser una sortida molt i molt interessant. Vam aprendre un munt de coses i ara, hem de decidir qu\u00e8 m\u00e9s volem saber&#8230;<\/p>\n<p>Molts de nosaltres pensem que despr\u00e9s de con\u00e8ixer que els llacs es van formar a partir de les glaceres,\u00a0 ara tenim curiositat per saber com es va formar tota la Terra, el nostre planeta i com va sorgir-hi la vida despr\u00e9s.<\/p>\n<p>Ho hem de posar tot en com\u00fa i triar cap a on anem per fer el nostre Projecte&#8230;<\/p>\n<p>En quan ho tinguem decidit us ho fem a saber!<\/p>\n<p><a href=\"https:\/\/agora.xtec.cat\/escjaume1rllivia\/wp-content\/uploads\/usu1462\/2021\/10\/llac2-1.jpg\"><img loading=\"lazy\" decoding=\"async\" class=\"alignleft size-medium wp-image-3353\" src=\"https:\/\/agora.xtec.cat\/escjaume1rllivia\/wp-content\/uploads\/usu1462\/2021\/10\/llac2-1-300x225.jpg\" alt=\"\" width=\"300\" height=\"225\" srcset=\"https:\/\/agora.xtec.cat\/escjaume1rllivia\/wp-content\/uploads\/usu1462\/2021\/10\/llac2-1-300x225.jpg 300w, https:\/\/agora.xtec.cat\/escjaume1rllivia\/wp-content\/uploads\/usu1462\/2021\/10\/llac2-1-768x576.jpg 768w, https:\/\/agora.xtec.cat\/escjaume1rllivia\/wp-content\/uploads\/usu1462\/2021\/10\/llac2-1-200x150.jpg 200w, https:\/\/agora.xtec.cat\/escjaume1rllivia\/wp-content\/uploads\/usu1462\/2021\/10\/llac2-1.jpg 1024w\" sizes=\"auto, (max-width: 300px) 100vw, 300px\" \/><\/a> <a href=\"https:\/\/agora.xtec.cat\/escjaume1rllivia\/wp-content\/uploads\/usu1462\/2021\/10\/llac3.jpg\"><img loading=\"lazy\" decoding=\"async\" class=\"alignleft size-medium wp-image-3354\" src=\"https:\/\/agora.xtec.cat\/escjaume1rllivia\/wp-content\/uploads\/usu1462\/2021\/10\/llac3-300x225.jpg\" alt=\"\" width=\"300\" height=\"225\" srcset=\"https:\/\/agora.xtec.cat\/escjaume1rllivia\/wp-content\/uploads\/usu1462\/2021\/10\/llac3-300x225.jpg 300w, https:\/\/agora.xtec.cat\/escjaume1rllivia\/wp-content\/uploads\/usu1462\/2021\/10\/llac3-768x576.jpg 768w, https:\/\/agora.xtec.cat\/escjaume1rllivia\/wp-content\/uploads\/usu1462\/2021\/10\/llac3-200x150.jpg 200w, https:\/\/agora.xtec.cat\/escjaume1rllivia\/wp-content\/uploads\/usu1462\/2021\/10\/llac3.jpg 1024w\" sizes=\"auto, (max-width: 300px) 100vw, 300px\" \/><\/a> <a href=\"https:\/\/agora.xtec.cat\/escjaume1rllivia\/wp-content\/uploads\/usu1462\/2021\/10\/llac4.jpg\"><img loading=\"lazy\" decoding=\"async\" class=\"alignleft size-medium wp-image-3355\" src=\"https:\/\/agora.xtec.cat\/escjaume1rllivia\/wp-content\/uploads\/usu1462\/2021\/10\/llac4-300x225.jpg\" alt=\"\" width=\"300\" height=\"225\" srcset=\"https:\/\/agora.xtec.cat\/escjaume1rllivia\/wp-content\/uploads\/usu1462\/2021\/10\/llac4-300x225.jpg 300w, https:\/\/agora.xtec.cat\/escjaume1rllivia\/wp-content\/uploads\/usu1462\/2021\/10\/llac4-768x576.jpg 768w, https:\/\/agora.xtec.cat\/escjaume1rllivia\/wp-content\/uploads\/usu1462\/2021\/10\/llac4-200x150.jpg 200w, https:\/\/agora.xtec.cat\/escjaume1rllivia\/wp-content\/uploads\/usu1462\/2021\/10\/llac4.jpg 1024w\" sizes=\"auto, (max-width: 300px) 100vw, 300px\" \/><\/a> <a href=\"https:\/\/agora.xtec.cat\/escjaume1rllivia\/wp-content\/uploads\/usu1462\/2021\/10\/llac5.jpg\"><img loading=\"lazy\" decoding=\"async\" class=\"alignleft size-medium wp-image-3356\" src=\"https:\/\/agora.xtec.cat\/escjaume1rllivia\/wp-content\/uploads\/usu1462\/2021\/10\/llac5-300x225.jpg\" alt=\"\" width=\"300\" height=\"225\" srcset=\"https:\/\/agora.xtec.cat\/escjaume1rllivia\/wp-content\/uploads\/usu1462\/2021\/10\/llac5-300x225.jpg 300w, https:\/\/agora.xtec.cat\/escjaume1rllivia\/wp-content\/uploads\/usu1462\/2021\/10\/llac5-768x576.jpg 768w, https:\/\/agora.xtec.cat\/escjaume1rllivia\/wp-content\/uploads\/usu1462\/2021\/10\/llac5-200x150.jpg 200w, https:\/\/agora.xtec.cat\/escjaume1rllivia\/wp-content\/uploads\/usu1462\/2021\/10\/llac5.jpg 1024w\" sizes=\"auto, (max-width: 300px) 100vw, 300px\" \/><\/a> <a href=\"https:\/\/agora.xtec.cat\/escjaume1rllivia\/wp-content\/uploads\/usu1462\/2021\/10\/llac6.jpg\"><img loading=\"lazy\" decoding=\"async\" class=\"alignleft size-medium wp-image-3357\" src=\"https:\/\/agora.xtec.cat\/escjaume1rllivia\/wp-content\/uploads\/usu1462\/2021\/10\/llac6-300x225.jpg\" alt=\"\" width=\"300\" height=\"225\" srcset=\"https:\/\/agora.xtec.cat\/escjaume1rllivia\/wp-content\/uploads\/usu1462\/2021\/10\/llac6-300x225.jpg 300w, https:\/\/agora.xtec.cat\/escjaume1rllivia\/wp-content\/uploads\/usu1462\/2021\/10\/llac6-768x576.jpg 768w, https:\/\/agora.xtec.cat\/escjaume1rllivia\/wp-content\/uploads\/usu1462\/2021\/10\/llac6-200x150.jpg 200w, https:\/\/agora.xtec.cat\/escjaume1rllivia\/wp-content\/uploads\/usu1462\/2021\/10\/llac6.jpg 1024w\" sizes=\"auto, (max-width: 300px) 100vw, 300px\" \/><\/a><\/p>\n<p>&nbsp;<\/p>\n","protected":false},"excerpt":{"rendered":"<p>El dia 28 de setembre, els nens i les nenes de Cicle Superior, vam anar als Llacs de la Pera. D\u00faiem l\u2019Albert del Meteo Pirineus Catalans de guia.<br \/>\nL\u2019Albert ens va explicar que fa molts i molts anys, la neu s\u2019acumulava dalt de les muntanyes, es gelava i aquell gel acumulat, baixava pels pendents i arrossegava tot de pedres cap al final de la vall&#8230;<\/p>\n","protected":false},"author":3,"featured_media":3352,"comment_status":"open","ping_status":"closed","sticky":false,"template":"","format":"standard","meta":{"_bbp_topic_count":0,"_bbp_reply_count":0,"_bbp_total_topic_count":0,"_bbp_total_reply_count":0,"_bbp_voice_count":0,"_bbp_anonymous_reply_count":0,"_bbp_topic_count_hidden":0,"_bbp_reply_count_hidden":0,"_bbp_forum_subforum_count":0,"site-sidebar-layout":"default","site-content-layout":"","ast-site-content-layout":"","site-content-style":"default","site-sidebar-style":"default","ast-global-header-display":"","ast-banner-title-visibility":"","ast-main-header-display":"","ast-hfb-above-header-display":"","ast-hfb-below-header-display":"","ast-hfb-mobile-header-display":"","site-post-title":"","ast-breadcrumbs-content":"","ast-featured-img":"","footer-sml-layout":"","theme-transparent-header-meta":"","adv-header-id-meta":"","stick-header-meta":"","header-above-stick-meta":"","header-main-stick-meta":"","header-below-stick-meta":"","astra-migrate-meta-layouts":"default","ast-page-background-enabled":"default","ast-page-background-meta":{"desktop":{"background-color":"var(--ast-global-color-4)","background-image":"","background-repeat":"repeat","background-position":"center center","background-size":"auto","background-attachment":"scroll","background-type":"","background-media":"","overlay-type":"","overlay-color":"","overlay-opacity":"","overlay-gradient":""},"tablet":{"background-color":"","background-image":"","background-repeat":"repeat","background-position":"center center","background-size":"auto","background-attachment":"scroll","background-type":"","background-media":"","overlay-type":"","overlay-color":"","overlay-opacity":"","overlay-gradient":""},"mobile":{"background-color":"","background-image":"","background-repeat":"repeat","background-position":"center center","background-size":"auto","background-attachment":"scroll","background-type":"","background-media":"","overlay-type":"","overlay-color":"","overlay-opacity":"","overlay-gradient":""}},"ast-content-background-meta":{"desktop":{"background-color":"var(--ast-global-color-5)","background-image":"","background-repeat":"repeat","background-position":"center center","background-size":"auto","background-attachment":"scroll","background-type":"","background-media":"","overlay-type":"","overlay-color":"","overlay-opacity":"","overlay-gradient":""},"tablet":{"background-color":"var(--ast-global-color-5)","background-image":"","background-repeat":"repeat","background-position":"center center","background-size":"auto","background-attachment":"scroll","background-type":"","background-media":"","overlay-type":"","overlay-color":"","overlay-opacity":"","overlay-gradient":""},"mobile":{"background-color":"var(--ast-global-color-5)","background-image":"","background-repeat":"repeat","background-position":"center center","background-size":"auto","background-attachment":"scroll","background-type":"","background-media":"","overlay-type":"","overlay-color":"","overlay-opacity":"","overlay-gradient":""}},"footnotes":""},"categories":[55,1,4],"tags":[91],"class_list":["post-3351","post","type-post","status-publish","format-standard","has-post-thumbnail","hentry","category-superior","category-general","category-portada","tag-cicle-superior-2021-2022"],"post_mailing_queue_ids":[],"_links":{"self":[{"href":"https:\/\/agora.xtec.cat\/escjaume1rllivia\/wp-json\/wp\/v2\/posts\/3351","targetHints":{"allow":["GET"]}}],"collection":[{"href":"https:\/\/agora.xtec.cat\/escjaume1rllivia\/wp-json\/wp\/v2\/posts"}],"about":[{"href":"https:\/\/agora.xtec.cat\/escjaume1rllivia\/wp-json\/wp\/v2\/types\/post"}],"author":[{"embeddable":true,"href":"https:\/\/agora.xtec.cat\/escjaume1rllivia\/wp-json\/wp\/v2\/users\/3"}],"replies":[{"embeddable":true,"href":"https:\/\/agora.xtec.cat\/escjaume1rllivia\/wp-json\/wp\/v2\/comments?post=3351"}],"version-history":[{"count":2,"href":"https:\/\/agora.xtec.cat\/escjaume1rllivia\/wp-json\/wp\/v2\/posts\/3351\/revisions"}],"predecessor-version":[{"id":3359,"href":"https:\/\/agora.xtec.cat\/escjaume1rllivia\/wp-json\/wp\/v2\/posts\/3351\/revisions\/3359"}],"wp:featuredmedia":[{"embeddable":true,"href":"https:\/\/agora.xtec.cat\/escjaume1rllivia\/wp-json\/wp\/v2\/media\/3352"}],"wp:attachment":[{"href":"https:\/\/agora.xtec.cat\/escjaume1rllivia\/wp-json\/wp\/v2\/media?parent=3351"}],"wp:term":[{"taxonomy":"category","embeddable":true,"href":"https:\/\/agora.xtec.cat\/escjaume1rllivia\/wp-json\/wp\/v2\/categories?post=3351"},{"taxonomy":"post_tag","embeddable":true,"href":"https:\/\/agora.xtec.cat\/escjaume1rllivia\/wp-json\/wp\/v2\/tags?post=3351"}],"curies":[{"name":"wp","href":"https:\/\/api.w.org\/{rel}","templated":true}]}}