{"id":962,"date":"2020-03-24T10:00:29","date_gmt":"2020-03-24T09:00:29","guid":{"rendered":"https:\/\/agora.xtec.cat\/escguillemisarn\/?p=962"},"modified":"2020-03-27T10:31:27","modified_gmt":"2020-03-27T09:31:27","slug":"totanirabe","status":"publish","type":"post","link":"https:\/\/agora.xtec.cat\/escguillemisarn\/general\/totanirabe\/","title":{"rendered":"#Totanir\u00e0b\u00e9"},"content":{"rendered":"<p>Bon dia fam\u00edlies,<\/p>\n<p>Bon dia nens i nenes de l&#8217;escola,<\/p>\n<p>Avui no us enviem circulars, ni comunicats, ni informacions, ni deures,&#8230; Avui us enviem un v\u00eddeo. S\u00ed, un v\u00eddeo que hem enregistrat amb il\u00b7lusi\u00f3 tots els mestres de l&#8217;escola. Un v\u00eddeo en el que us obrim la nostra llar, la nostra casa, el nostre cor&#8230; Un v\u00eddeo amb el que volem continuar tenint el contacte amb tots vosaltres perqu\u00e8 us trobem a faltar. Trobem a faltar els vostres somriures, la vostra vitalitat, la vostra alegria, el vostre entusiasme, els vostres crits i corredisses pel passad\u00eds (ei, recordeu que no es pot fer), la vostra curiositat, les vostres ganes d&#8217;aprendre,&#8230;<\/p>\n<p>Mireu el v\u00eddeo junts en fam\u00edlia i feu cas a les recomanacions que us fem tots. Resteu a casa, no sortiu i junts ens en sortirem molt aviat.<\/p>\n<p>Gr\u00e0cies a tots per la vostra paci\u00e8ncia, esperem tornar-vos a veure a tots i totes molt aviat: nens, nenes, pares, avis i \u00e0vies, familiars, mestres, personal no docent,&#8230; Junts fem l&#8217;escola, l&#8217;escola de La Fuliola i Bold\u00fa.<\/p>\n<p>Fins aviat,<\/p>\n<p>Claustre de mestres de l&#8217;Escola Guillem Isarn.<\/p>\n<p><iframe loading=\"lazy\" title=\"CLAUSTRE ESCOLA GUILLEM ISARN 2019 2020\" width=\"500\" height=\"281\" src=\"https:\/\/www.youtube.com\/embed\/sSvIINWndFI?feature=oembed\" frameborder=\"0\" allow=\"accelerometer; autoplay; clipboard-write; encrypted-media; gyroscope; picture-in-picture; web-share\" referrerpolicy=\"strict-origin-when-cross-origin\" allowfullscreen><\/iframe><\/p>\n","protected":false},"excerpt":{"rendered":"<p>Bon dia fam\u00edlies,<br \/>\nBon dia nens i nenes de l&#8217;escola,<br \/>\nAvui no us enviem circulars, ni comunicats, ni informacions, ni deures,&#8230; Avui us enviem un v\u00eddeo. S\u00ed, un v\u00eddeo que hem enregistrat amb il\u00b7lusi\u00f3 tots els mestres de l&#8217;escola. Un v\u00eddeo en el que us obrim la&hellip;  <a href=\"https:\/\/agora.xtec.cat\/escguillemisarn\/general\/totanirabe\/\" title=\"Read #Totanir\u00e0b\u00e9\">Llegeix m\u00e9s\u00bb<\/a><\/p>\n","protected":false},"author":1,"featured_media":0,"comment_status":"open","ping_status":"closed","sticky":false,"template":"","format":"standard","meta":{"_bbp_topic_count":0,"_bbp_reply_count":0,"_bbp_total_topic_count":0,"_bbp_total_reply_count":0,"_bbp_voice_count":0,"_bbp_anonymous_reply_count":0,"_bbp_topic_count_hidden":0,"_bbp_reply_count_hidden":0,"_bbp_forum_subforum_count":0,"footnotes":""},"categories":[1,4],"tags":[],"class_list":["post-962","post","type-post","status-publish","format-standard","hentry","category-general","category-portada"],"post_mailing_queue_ids":[],"_links":{"self":[{"href":"https:\/\/agora.xtec.cat\/escguillemisarn\/wp-json\/wp\/v2\/posts\/962","targetHints":{"allow":["GET"]}}],"collection":[{"href":"https:\/\/agora.xtec.cat\/escguillemisarn\/wp-json\/wp\/v2\/posts"}],"about":[{"href":"https:\/\/agora.xtec.cat\/escguillemisarn\/wp-json\/wp\/v2\/types\/post"}],"author":[{"embeddable":true,"href":"https:\/\/agora.xtec.cat\/escguillemisarn\/wp-json\/wp\/v2\/users\/1"}],"replies":[{"embeddable":true,"href":"https:\/\/agora.xtec.cat\/escguillemisarn\/wp-json\/wp\/v2\/comments?post=962"}],"version-history":[{"count":3,"href":"https:\/\/agora.xtec.cat\/escguillemisarn\/wp-json\/wp\/v2\/posts\/962\/revisions"}],"predecessor-version":[{"id":969,"href":"https:\/\/agora.xtec.cat\/escguillemisarn\/wp-json\/wp\/v2\/posts\/962\/revisions\/969"}],"wp:attachment":[{"href":"https:\/\/agora.xtec.cat\/escguillemisarn\/wp-json\/wp\/v2\/media?parent=962"}],"wp:term":[{"taxonomy":"category","embeddable":true,"href":"https:\/\/agora.xtec.cat\/escguillemisarn\/wp-json\/wp\/v2\/categories?post=962"},{"taxonomy":"post_tag","embeddable":true,"href":"https:\/\/agora.xtec.cat\/escguillemisarn\/wp-json\/wp\/v2\/tags?post=962"}],"curies":[{"name":"wp","href":"https:\/\/api.w.org\/{rel}","templated":true}]}}