{"id":947,"date":"2020-03-18T19:11:46","date_gmt":"2020-03-18T18:11:46","guid":{"rendered":"https:\/\/agora.xtec.cat\/escguillemisarn\/?p=947"},"modified":"2020-03-18T19:11:46","modified_gmt":"2020-03-18T18:11:46","slug":"les-unitats-de-relleu-a-5e","status":"publish","type":"post","link":"https:\/\/agora.xtec.cat\/escguillemisarn\/general\/les-unitats-de-relleu-a-5e\/","title":{"rendered":"LES UNITATS DE RELLEU A 5\u00e8"},"content":{"rendered":"<p>A Coneixement del Medi Social i Cultural per treballar les unitats del relleu a 5\u00e8 hem realitzat una maqueta. Els materials s\u00f3n reciclats i ens han quedat aix\u00ed de boniques.<\/p>\n<p>Us deixem unes imatges del resultat.<\/p>\n<p><a href=\"https:\/\/agora.xtec.cat\/escguillemisarn\/wp-content\/uploads\/usu1631\/2020\/03\/IMG_6.jpg\"><img loading=\"lazy\" decoding=\"async\" class=\"alignnone size-large wp-image-949\" src=\"https:\/\/agora.xtec.cat\/escguillemisarn\/wp-content\/uploads\/usu1631\/2020\/03\/IMG_6.jpg\" alt=\"\" width=\"416\" height=\"312\" srcset=\"https:\/\/agora.xtec.cat\/escguillemisarn\/wp-content\/uploads\/usu1631\/2020\/03\/IMG_6.jpg 416w, https:\/\/agora.xtec.cat\/escguillemisarn\/wp-content\/uploads\/usu1631\/2020\/03\/IMG_6-300x225.jpg 300w, https:\/\/agora.xtec.cat\/escguillemisarn\/wp-content\/uploads\/usu1631\/2020\/03\/IMG_6-200x150.jpg 200w\" sizes=\"auto, (max-width: 416px) 100vw, 416px\" \/><\/a> <a href=\"https:\/\/agora.xtec.cat\/escguillemisarn\/wp-content\/uploads\/usu1631\/2020\/03\/IMG_1-1.jpg\"><img loading=\"lazy\" decoding=\"async\" class=\"alignnone size-large wp-image-950\" src=\"https:\/\/agora.xtec.cat\/escguillemisarn\/wp-content\/uploads\/usu1631\/2020\/03\/IMG_1-1.jpg\" alt=\"\" width=\"390\" height=\"520\" srcset=\"https:\/\/agora.xtec.cat\/escguillemisarn\/wp-content\/uploads\/usu1631\/2020\/03\/IMG_1-1.jpg 390w, https:\/\/agora.xtec.cat\/escguillemisarn\/wp-content\/uploads\/usu1631\/2020\/03\/IMG_1-1-225x300.jpg 225w\" sizes=\"auto, (max-width: 390px) 100vw, 390px\" \/><\/a> <a href=\"https:\/\/agora.xtec.cat\/escguillemisarn\/wp-content\/uploads\/usu1631\/2020\/03\/IMG_2.jpg\"><img loading=\"lazy\" decoding=\"async\" class=\"alignnone size-large wp-image-951\" src=\"https:\/\/agora.xtec.cat\/escguillemisarn\/wp-content\/uploads\/usu1631\/2020\/03\/IMG_2.jpg\" alt=\"\" width=\"390\" height=\"520\" srcset=\"https:\/\/agora.xtec.cat\/escguillemisarn\/wp-content\/uploads\/usu1631\/2020\/03\/IMG_2.jpg 390w, https:\/\/agora.xtec.cat\/escguillemisarn\/wp-content\/uploads\/usu1631\/2020\/03\/IMG_2-225x300.jpg 225w\" sizes=\"auto, (max-width: 390px) 100vw, 390px\" \/><\/a> <a href=\"https:\/\/agora.xtec.cat\/escguillemisarn\/wp-content\/uploads\/usu1631\/2020\/03\/IMG_3.jpg\"><img loading=\"lazy\" decoding=\"async\" class=\"alignnone size-large wp-image-952\" src=\"https:\/\/agora.xtec.cat\/escguillemisarn\/wp-content\/uploads\/usu1631\/2020\/03\/IMG_3.jpg\" alt=\"\" width=\"312\" height=\"416\" srcset=\"https:\/\/agora.xtec.cat\/escguillemisarn\/wp-content\/uploads\/usu1631\/2020\/03\/IMG_3.jpg 312w, https:\/\/agora.xtec.cat\/escguillemisarn\/wp-content\/uploads\/usu1631\/2020\/03\/IMG_3-225x300.jpg 225w\" sizes=\"auto, (max-width: 312px) 100vw, 312px\" \/><\/a> <a href=\"https:\/\/agora.xtec.cat\/escguillemisarn\/wp-content\/uploads\/usu1631\/2020\/03\/IMG_5.jpg\"><img loading=\"lazy\" decoding=\"async\" class=\"alignnone size-full wp-image-954\" src=\"https:\/\/agora.xtec.cat\/escguillemisarn\/wp-content\/uploads\/usu1631\/2020\/03\/IMG_5.jpg\" alt=\"\" width=\"416\" height=\"312\" srcset=\"https:\/\/agora.xtec.cat\/escguillemisarn\/wp-content\/uploads\/usu1631\/2020\/03\/IMG_5.jpg 416w, https:\/\/agora.xtec.cat\/escguillemisarn\/wp-content\/uploads\/usu1631\/2020\/03\/IMG_5-300x225.jpg 300w, https:\/\/agora.xtec.cat\/escguillemisarn\/wp-content\/uploads\/usu1631\/2020\/03\/IMG_5-200x150.jpg 200w\" sizes=\"auto, (max-width: 416px) 100vw, 416px\" \/><\/a> <a href=\"https:\/\/agora.xtec.cat\/escguillemisarn\/wp-content\/uploads\/usu1631\/2020\/03\/IMG_4.jpg\"><img loading=\"lazy\" decoding=\"async\" class=\"alignnone size-full wp-image-953\" src=\"https:\/\/agora.xtec.cat\/escguillemisarn\/wp-content\/uploads\/usu1631\/2020\/03\/IMG_4.jpg\" alt=\"\" width=\"312\" height=\"416\" srcset=\"https:\/\/agora.xtec.cat\/escguillemisarn\/wp-content\/uploads\/usu1631\/2020\/03\/IMG_4.jpg 312w, https:\/\/agora.xtec.cat\/escguillemisarn\/wp-content\/uploads\/usu1631\/2020\/03\/IMG_4-225x300.jpg 225w\" sizes=\"auto, (max-width: 312px) 100vw, 312px\" \/><\/a><\/p>\n<p>&nbsp;<\/p>\n","protected":false},"excerpt":{"rendered":"<p>A Coneixement del Medi Social i Cultural per treballar les unitats del relleu a 5\u00e8 hem realitzat una maqueta. Els materials s\u00f3n reciclats i ens han quedat aix\u00ed de boniques.<br \/>\nUs deixem unes imatges del resultat.<br \/>\n<a href=\"https:\/\/agora.xtec.cat\/escguillemisarn\/wp-content\/uploads\/usu1631\/2020\/03\/IMG_6.jpg\"><\/a> <a href=\"https:\/\/agora.xtec.cat\/escguillemisarn\/wp-content\/uploads\/usu1631\/2020\/03\/IMG_1-1.jpg\"><\/a> <a href=\"https:\/\/agora.xtec.cat\/escguillemisarn\/wp-content\/uploads\/usu1631\/2020\/03\/IMG_2.jpg\"><\/a> <a href=\"https:\/\/agora.xtec.cat\/escguillemisarn\/wp-content\/uploads\/usu1631\/2020\/03\/IMG_3.jpg\"><\/a> <a href=\"https:\/\/agora.xtec.cat\/escguillemisarn\/wp-content\/uploads\/usu1631\/2020\/03\/IMG_5.jpg\"><\/a> <a&hellip;  <a href=\"https:\/\/agora.xtec.cat\/escguillemisarn\/general\/les-unitats-de-relleu-a-5e\/\" title=\"Read LES UNITATS DE RELLEU A 5\u00e8\">Llegeix m\u00e9s\u00bb<\/a><\/p>\n","protected":false},"author":1,"featured_media":0,"comment_status":"open","ping_status":"closed","sticky":false,"template":"","format":"standard","meta":{"_bbp_topic_count":0,"_bbp_reply_count":0,"_bbp_total_topic_count":0,"_bbp_total_reply_count":0,"_bbp_voice_count":0,"_bbp_anonymous_reply_count":0,"_bbp_topic_count_hidden":0,"_bbp_reply_count_hidden":0,"_bbp_forum_subforum_count":0,"footnotes":""},"categories":[1],"tags":[],"class_list":["post-947","post","type-post","status-publish","format-standard","hentry","category-general"],"post_mailing_queue_ids":[],"_links":{"self":[{"href":"https:\/\/agora.xtec.cat\/escguillemisarn\/wp-json\/wp\/v2\/posts\/947","targetHints":{"allow":["GET"]}}],"collection":[{"href":"https:\/\/agora.xtec.cat\/escguillemisarn\/wp-json\/wp\/v2\/posts"}],"about":[{"href":"https:\/\/agora.xtec.cat\/escguillemisarn\/wp-json\/wp\/v2\/types\/post"}],"author":[{"embeddable":true,"href":"https:\/\/agora.xtec.cat\/escguillemisarn\/wp-json\/wp\/v2\/users\/1"}],"replies":[{"embeddable":true,"href":"https:\/\/agora.xtec.cat\/escguillemisarn\/wp-json\/wp\/v2\/comments?post=947"}],"version-history":[{"count":1,"href":"https:\/\/agora.xtec.cat\/escguillemisarn\/wp-json\/wp\/v2\/posts\/947\/revisions"}],"predecessor-version":[{"id":955,"href":"https:\/\/agora.xtec.cat\/escguillemisarn\/wp-json\/wp\/v2\/posts\/947\/revisions\/955"}],"wp:attachment":[{"href":"https:\/\/agora.xtec.cat\/escguillemisarn\/wp-json\/wp\/v2\/media?parent=947"}],"wp:term":[{"taxonomy":"category","embeddable":true,"href":"https:\/\/agora.xtec.cat\/escguillemisarn\/wp-json\/wp\/v2\/categories?post=947"},{"taxonomy":"post_tag","embeddable":true,"href":"https:\/\/agora.xtec.cat\/escguillemisarn\/wp-json\/wp\/v2\/tags?post=947"}],"curies":[{"name":"wp","href":"https:\/\/api.w.org\/{rel}","templated":true}]}}