{"id":941,"date":"2020-03-16T10:44:50","date_gmt":"2020-03-16T09:44:50","guid":{"rendered":"https:\/\/agora.xtec.cat\/escguillemisarn\/?p=941"},"modified":"2020-03-16T10:46:21","modified_gmt":"2020-03-16T09:46:21","slug":"contraelbullying-cicle-superior","status":"publish","type":"post","link":"https:\/\/agora.xtec.cat\/escguillemisarn\/general\/contraelbullying-cicle-superior\/","title":{"rendered":"#CONTRAELBULLYING CICLE SUPERIOR"},"content":{"rendered":"<p>El passat dijous els alumnes de cicle superior tamb\u00e9 van participar en el programa #ContraElBullying de la Fundaci\u00f3 Bar\u00e7a.<\/p>\n<p>Els alumnes van gaudir molt del taller tant de la part te\u00f2rica on van aprendre a recon\u00e8ixer i resoldre situacions de bullying, com en la pr\u00e0ctica on de forma col\u00b7laborativa van resoldre diferents sopes de lletres gegants.<\/p>\n<p>Va ser una jornada molt completa i recomanable, on els alumnes van concloure amb una idea molt clara TOTS #contraelbullying.<\/p>\n<p><a href=\"https:\/\/photos.app.goo.gl\/14qBxZZKqpB7bzUt7\">https:\/\/photos.app.goo.gl\/14qBxZZKqpB7bzUt7<\/a><\/p>\n","protected":false},"excerpt":{"rendered":"<p>El passat dijous els alumnes de cicle superior tamb\u00e9 van participar en el programa #ContraElBullying de la Fundaci\u00f3 Bar\u00e7a.<br \/>\nEls alumnes van gaudir molt del taller tant de la part te\u00f2rica on van aprendre a recon\u00e8ixer i resoldre situacions de bullying, com en la pr\u00e0ctica on&hellip;  <a href=\"https:\/\/agora.xtec.cat\/escguillemisarn\/general\/contraelbullying-cicle-superior\/\" title=\"Read #CONTRAELBULLYING CICLE SUPERIOR\">Llegeix m\u00e9s\u00bb<\/a><\/p>\n","protected":false},"author":1,"featured_media":0,"comment_status":"open","ping_status":"closed","sticky":false,"template":"","format":"standard","meta":{"_bbp_topic_count":0,"_bbp_reply_count":0,"_bbp_total_topic_count":0,"_bbp_total_reply_count":0,"_bbp_voice_count":0,"_bbp_anonymous_reply_count":0,"_bbp_topic_count_hidden":0,"_bbp_reply_count_hidden":0,"_bbp_forum_subforum_count":0,"footnotes":""},"categories":[1],"tags":[],"class_list":["post-941","post","type-post","status-publish","format-standard","hentry","category-general"],"post_mailing_queue_ids":[],"_links":{"self":[{"href":"https:\/\/agora.xtec.cat\/escguillemisarn\/wp-json\/wp\/v2\/posts\/941","targetHints":{"allow":["GET"]}}],"collection":[{"href":"https:\/\/agora.xtec.cat\/escguillemisarn\/wp-json\/wp\/v2\/posts"}],"about":[{"href":"https:\/\/agora.xtec.cat\/escguillemisarn\/wp-json\/wp\/v2\/types\/post"}],"author":[{"embeddable":true,"href":"https:\/\/agora.xtec.cat\/escguillemisarn\/wp-json\/wp\/v2\/users\/1"}],"replies":[{"embeddable":true,"href":"https:\/\/agora.xtec.cat\/escguillemisarn\/wp-json\/wp\/v2\/comments?post=941"}],"version-history":[{"count":2,"href":"https:\/\/agora.xtec.cat\/escguillemisarn\/wp-json\/wp\/v2\/posts\/941\/revisions"}],"predecessor-version":[{"id":943,"href":"https:\/\/agora.xtec.cat\/escguillemisarn\/wp-json\/wp\/v2\/posts\/941\/revisions\/943"}],"wp:attachment":[{"href":"https:\/\/agora.xtec.cat\/escguillemisarn\/wp-json\/wp\/v2\/media?parent=941"}],"wp:term":[{"taxonomy":"category","embeddable":true,"href":"https:\/\/agora.xtec.cat\/escguillemisarn\/wp-json\/wp\/v2\/categories?post=941"},{"taxonomy":"post_tag","embeddable":true,"href":"https:\/\/agora.xtec.cat\/escguillemisarn\/wp-json\/wp\/v2\/tags?post=941"}],"curies":[{"name":"wp","href":"https:\/\/api.w.org\/{rel}","templated":true}]}}