{"id":936,"date":"2020-03-16T10:39:09","date_gmt":"2020-03-16T09:39:09","guid":{"rendered":"https:\/\/agora.xtec.cat\/escguillemisarn\/?p=936"},"modified":"2020-03-16T10:42:32","modified_gmt":"2020-03-16T09:42:32","slug":"visita-a-linstitut-de-bellcaire","status":"publish","type":"post","link":"https:\/\/agora.xtec.cat\/escguillemisarn\/general\/visita-a-linstitut-de-bellcaire\/","title":{"rendered":"VISITA A L\u2019INSTITUT DE BELLCAIRE"},"content":{"rendered":"<p>El passat dijous 5 de mar\u00e7 els alumnes de 6\u00e8 van participar en la jornada d\u2019acollida de l\u2019Institut de Bellcaire.<\/p>\n<p>All\u00e0 van rec\u00f3rrer els passadissos i descobrir les diferents aules que ben aviat formaran part del seu dia a dia.<\/p>\n<p>El que m\u00e9s els va cridar l\u2019atenci\u00f3 va ser l\u2019aula de tecnologia, on els alumnes de l\u2019Institut els van mostrar les diferents produccions que realitzaran al llarg de tota la secund\u00e0ria. El que segur que tamb\u00e9 recordaran \u00e9s el laboratori, ja que all\u00e0 van compartir alguns experiments amb dos dels que seran els seus professors l\u2019any que ve.<\/p>\n<p>Va ser una jornada plena d\u2019emocions, on a m\u00e9s de visitar les instal\u00b7lacions, van recon\u00e8ixer i fer molts amics d\u2019altres escoles amb els quals compartiran una nova etapa.<\/p>\n<p>Per\u00f2&#8230;ep, encara no hi som! Queda una \u00faltima empenta per acabar de fer el salt, aix\u00ed que fem un \u00faltim esfor\u00e7 per acabar el curs. Endavant!<\/p>\n<p><a href=\"https:\/\/photos.app.goo.gl\/XAJH26fvsDPkjC3u9\">https:\/\/photos.app.goo.gl\/XAJH26fvsDPkjC3u9<\/a><\/p>\n","protected":false},"excerpt":{"rendered":"<p>El passat dijous 5 de mar\u00e7 els alumnes de 6\u00e8 van participar en la jornada d\u2019acollida de l\u2019Institut de Bellcaire.<br \/>\nAll\u00e0 van rec\u00f3rrer els passadissos i descobrir les diferents aules que ben aviat formaran part del seu dia a dia.<br \/>\nEl que m\u00e9s els va cridar l\u2019atenci\u00f3&hellip;  <a href=\"https:\/\/agora.xtec.cat\/escguillemisarn\/general\/visita-a-linstitut-de-bellcaire\/\" title=\"Read VISITA A L\u2019INSTITUT DE BELLCAIRE\">Llegeix m\u00e9s\u00bb<\/a><\/p>\n","protected":false},"author":1,"featured_media":0,"comment_status":"open","ping_status":"closed","sticky":false,"template":"","format":"standard","meta":{"_bbp_topic_count":0,"_bbp_reply_count":0,"_bbp_total_topic_count":0,"_bbp_total_reply_count":0,"_bbp_voice_count":0,"_bbp_anonymous_reply_count":0,"_bbp_topic_count_hidden":0,"_bbp_reply_count_hidden":0,"_bbp_forum_subforum_count":0,"footnotes":""},"categories":[73,1,4,5],"tags":[],"class_list":["post-936","post","type-post","status-publish","format-standard","hentry","category-cs","category-general","category-portada","category-primaria"],"post_mailing_queue_ids":[],"_links":{"self":[{"href":"https:\/\/agora.xtec.cat\/escguillemisarn\/wp-json\/wp\/v2\/posts\/936","targetHints":{"allow":["GET"]}}],"collection":[{"href":"https:\/\/agora.xtec.cat\/escguillemisarn\/wp-json\/wp\/v2\/posts"}],"about":[{"href":"https:\/\/agora.xtec.cat\/escguillemisarn\/wp-json\/wp\/v2\/types\/post"}],"author":[{"embeddable":true,"href":"https:\/\/agora.xtec.cat\/escguillemisarn\/wp-json\/wp\/v2\/users\/1"}],"replies":[{"embeddable":true,"href":"https:\/\/agora.xtec.cat\/escguillemisarn\/wp-json\/wp\/v2\/comments?post=936"}],"version-history":[{"count":3,"href":"https:\/\/agora.xtec.cat\/escguillemisarn\/wp-json\/wp\/v2\/posts\/936\/revisions"}],"predecessor-version":[{"id":940,"href":"https:\/\/agora.xtec.cat\/escguillemisarn\/wp-json\/wp\/v2\/posts\/936\/revisions\/940"}],"wp:attachment":[{"href":"https:\/\/agora.xtec.cat\/escguillemisarn\/wp-json\/wp\/v2\/media?parent=936"}],"wp:term":[{"taxonomy":"category","embeddable":true,"href":"https:\/\/agora.xtec.cat\/escguillemisarn\/wp-json\/wp\/v2\/categories?post=936"},{"taxonomy":"post_tag","embeddable":true,"href":"https:\/\/agora.xtec.cat\/escguillemisarn\/wp-json\/wp\/v2\/tags?post=936"}],"curies":[{"name":"wp","href":"https:\/\/api.w.org\/{rel}","templated":true}]}}