{"id":923,"date":"2020-03-11T15:45:11","date_gmt":"2020-03-11T14:45:11","guid":{"rendered":"https:\/\/agora.xtec.cat\/escguillemisarn\/?p=923"},"modified":"2020-03-11T15:46:15","modified_gmt":"2020-03-11T14:46:15","slug":"la-canco-del-25e-aniversari","status":"publish","type":"post","link":"https:\/\/agora.xtec.cat\/escguillemisarn\/general\/la-canco-del-25e-aniversari\/","title":{"rendered":"La can\u00e7\u00f3 del 25\u00e8 Aniversari"},"content":{"rendered":"<p>Hola a tothom, els alumnes de 5\u00e8 us presentem el nou projecte en el que estem treballant:<\/p>\n<p>Despr\u00e9s de la can\u00e7\u00f3 exitosa del DENIP hem comen\u00e7at a treballar en una nova can\u00e7\u00f3.<\/p>\n<p>Aquesta can\u00e7\u00f3 parla de la hist\u00f2ria d\u2019aquesta escola, de tots els alumnes que hi han passat i els mestres que hi han treballat.<\/p>\n<p>Per elaborar aquesta can\u00e7\u00f3 vam comen\u00e7ar treballant amb el so, escollint la base instrumental. A continuaci\u00f3, en vam elaborar la lletra. I finalment, vam adequar el to a les nostres veus.<\/p>\n<p>Pretenem que aquesta can\u00e7\u00f3 es converteixi en un \u00e8xit com l\u2019anterior i per aix\u00f2 ja hem comen\u00e7at amb el proc\u00e9s de gravaci\u00f3.<\/p>\n<p>Esperem que quan surti publicada us agradi tant com ens agrada a nosaltres.<\/p>\n<p>A continuaci\u00f3 us deixem una mostra del primer assaig.<\/p>\n<p><a href=\"https:\/\/photos.app.goo.gl\/ACueZnSwCuwdALhJ9\">https:\/\/photos.app.goo.gl\/ACueZnSwCuwdALhJ9<\/a><\/p>\n","protected":false},"excerpt":{"rendered":"<p>Hola a tothom, els alumnes de 5\u00e8 us presentem el nou projecte en el que estem treballant:<br \/>\nDespr\u00e9s de la can\u00e7\u00f3 exitosa del DENIP hem comen\u00e7at a treballar en una nova can\u00e7\u00f3.<br \/>\nAquesta can\u00e7\u00f3 parla de la hist\u00f2ria d\u2019aquesta escola, de tots els alumnes que hi han&hellip;  <a href=\"https:\/\/agora.xtec.cat\/escguillemisarn\/general\/la-canco-del-25e-aniversari\/\" title=\"Read La can\u00e7\u00f3 del 25\u00e8 Aniversari\">Llegeix m\u00e9s\u00bb<\/a><\/p>\n","protected":false},"author":1,"featured_media":0,"comment_status":"open","ping_status":"closed","sticky":false,"template":"","format":"standard","meta":{"_bbp_topic_count":0,"_bbp_reply_count":0,"_bbp_total_topic_count":0,"_bbp_total_reply_count":0,"_bbp_voice_count":0,"_bbp_anonymous_reply_count":0,"_bbp_topic_count_hidden":0,"_bbp_reply_count_hidden":0,"_bbp_forum_subforum_count":0,"footnotes":""},"categories":[73,1,4,5],"tags":[],"class_list":["post-923","post","type-post","status-publish","format-standard","hentry","category-cs","category-general","category-portada","category-primaria"],"post_mailing_queue_ids":[],"_links":{"self":[{"href":"https:\/\/agora.xtec.cat\/escguillemisarn\/wp-json\/wp\/v2\/posts\/923","targetHints":{"allow":["GET"]}}],"collection":[{"href":"https:\/\/agora.xtec.cat\/escguillemisarn\/wp-json\/wp\/v2\/posts"}],"about":[{"href":"https:\/\/agora.xtec.cat\/escguillemisarn\/wp-json\/wp\/v2\/types\/post"}],"author":[{"embeddable":true,"href":"https:\/\/agora.xtec.cat\/escguillemisarn\/wp-json\/wp\/v2\/users\/1"}],"replies":[{"embeddable":true,"href":"https:\/\/agora.xtec.cat\/escguillemisarn\/wp-json\/wp\/v2\/comments?post=923"}],"version-history":[{"count":1,"href":"https:\/\/agora.xtec.cat\/escguillemisarn\/wp-json\/wp\/v2\/posts\/923\/revisions"}],"predecessor-version":[{"id":924,"href":"https:\/\/agora.xtec.cat\/escguillemisarn\/wp-json\/wp\/v2\/posts\/923\/revisions\/924"}],"wp:attachment":[{"href":"https:\/\/agora.xtec.cat\/escguillemisarn\/wp-json\/wp\/v2\/media?parent=923"}],"wp:term":[{"taxonomy":"category","embeddable":true,"href":"https:\/\/agora.xtec.cat\/escguillemisarn\/wp-json\/wp\/v2\/categories?post=923"},{"taxonomy":"post_tag","embeddable":true,"href":"https:\/\/agora.xtec.cat\/escguillemisarn\/wp-json\/wp\/v2\/tags?post=923"}],"curies":[{"name":"wp","href":"https:\/\/api.w.org\/{rel}","templated":true}]}}