{"id":862,"date":"2020-03-03T13:28:44","date_gmt":"2020-03-03T12:28:44","guid":{"rendered":"https:\/\/agora.xtec.cat\/escguillemisarn\/?p=862"},"modified":"2020-03-05T10:19:43","modified_gmt":"2020-03-05T09:19:43","slug":"sortida-al-teatre-sise","status":"publish","type":"post","link":"https:\/\/agora.xtec.cat\/escguillemisarn\/general\/sortida-al-teatre-sise\/","title":{"rendered":"SORTIDA AL TEATRE SIS\u00c8"},"content":{"rendered":"<p>El dimecres 26 de Febrer, tots els alumnes de 6\u00e8 van gaudir de l\u2019espectacle teatral en angl\u00e8s \u201cDr. Jekyll and Mr. Hyde\u201d al teatre Ateneu de T\u00e0rrega.<br \/>\nEls alumnes s\u2019ho van passar d\u2019all\u00f2 m\u00e9s b\u00e9, ja que recordaven moltes de les can\u00e7ons de l\u2019espectable treballades pr\u00e8viament a l\u2019aula.<br \/>\n\u201cFast, fast, you have to mix fast\u201d<br \/>\n\u201cDanger, you are in danger.<br \/>\nDanger, if you\u2019re a stranger.\u201d<\/p>\n<p><a href=\"https:\/\/agora.xtec.cat\/escguillemisarn\/wp-content\/uploads\/usu1631\/2020\/03\/0c38deb6-05d4-480e-80b1-1f323b4a4558.jpg\"><img loading=\"lazy\" decoding=\"async\" class=\"alignnone wp-image-863 size-medium\" src=\"https:\/\/agora.xtec.cat\/escguillemisarn\/wp-content\/uploads\/usu1631\/2020\/03\/0c38deb6-05d4-480e-80b1-1f323b4a4558-225x300.jpg\" alt=\"\" width=\"225\" height=\"300\" srcset=\"https:\/\/agora.xtec.cat\/escguillemisarn\/wp-content\/uploads\/usu1631\/2020\/03\/0c38deb6-05d4-480e-80b1-1f323b4a4558-225x300.jpg 225w, https:\/\/agora.xtec.cat\/escguillemisarn\/wp-content\/uploads\/usu1631\/2020\/03\/0c38deb6-05d4-480e-80b1-1f323b4a4558-768x1024.jpg 768w, https:\/\/agora.xtec.cat\/escguillemisarn\/wp-content\/uploads\/usu1631\/2020\/03\/0c38deb6-05d4-480e-80b1-1f323b4a4558.jpg 1200w\" sizes=\"auto, (max-width: 225px) 100vw, 225px\" \/><\/a><a href=\"https:\/\/agora.xtec.cat\/escguillemisarn\/wp-content\/uploads\/usu1631\/2020\/03\/fd8266ca-a148-462c-b465-1d0cb8e4ed06.jpg\"><img loading=\"lazy\" decoding=\"async\" class=\"alignnone wp-image-865 size-medium\" src=\"https:\/\/agora.xtec.cat\/escguillemisarn\/wp-content\/uploads\/usu1631\/2020\/03\/fd8266ca-a148-462c-b465-1d0cb8e4ed06-225x300.jpg\" alt=\"\" width=\"225\" height=\"300\" srcset=\"https:\/\/agora.xtec.cat\/escguillemisarn\/wp-content\/uploads\/usu1631\/2020\/03\/fd8266ca-a148-462c-b465-1d0cb8e4ed06-225x300.jpg 225w, https:\/\/agora.xtec.cat\/escguillemisarn\/wp-content\/uploads\/usu1631\/2020\/03\/fd8266ca-a148-462c-b465-1d0cb8e4ed06-768x1024.jpg 768w, https:\/\/agora.xtec.cat\/escguillemisarn\/wp-content\/uploads\/usu1631\/2020\/03\/fd8266ca-a148-462c-b465-1d0cb8e4ed06.jpg 1200w\" sizes=\"auto, (max-width: 225px) 100vw, 225px\" \/><\/a><a href=\"https:\/\/agora.xtec.cat\/escguillemisarn\/wp-content\/uploads\/usu1631\/2020\/03\/5a9903a1-9b7c-4904-a872-de911f4702ea.jpg\"><img loading=\"lazy\" decoding=\"async\" class=\"alignnone wp-image-864 size-medium\" src=\"https:\/\/agora.xtec.cat\/escguillemisarn\/wp-content\/uploads\/usu1631\/2020\/03\/5a9903a1-9b7c-4904-a872-de911f4702ea-300x261.jpg\" alt=\"\" width=\"300\" height=\"261\" srcset=\"https:\/\/agora.xtec.cat\/escguillemisarn\/wp-content\/uploads\/usu1631\/2020\/03\/5a9903a1-9b7c-4904-a872-de911f4702ea-300x261.jpg 300w, https:\/\/agora.xtec.cat\/escguillemisarn\/wp-content\/uploads\/usu1631\/2020\/03\/5a9903a1-9b7c-4904-a872-de911f4702ea-768x669.jpg 768w, https:\/\/agora.xtec.cat\/escguillemisarn\/wp-content\/uploads\/usu1631\/2020\/03\/5a9903a1-9b7c-4904-a872-de911f4702ea-1024x892.jpg 1024w, https:\/\/agora.xtec.cat\/escguillemisarn\/wp-content\/uploads\/usu1631\/2020\/03\/5a9903a1-9b7c-4904-a872-de911f4702ea.jpg 1600w\" sizes=\"auto, (max-width: 300px) 100vw, 300px\" \/><\/a><\/p>\n<p>&nbsp;<\/p>\n<p>&nbsp;<\/p>\n","protected":false},"excerpt":{"rendered":"<p>El dimecres 26 de Febrer, tots els alumnes de 6\u00e8 van gaudir de l\u2019espectacle teatral en angl\u00e8s \u201cDr. Jekyll and Mr. Hyde\u201d al teatre Ateneu de T\u00e0rrega.<br \/>\nEls alumnes s\u2019ho van passar d\u2019all\u00f2 m\u00e9s b\u00e9, ja que recordaven moltes de les can\u00e7ons de l\u2019espectable treballades pr\u00e8viament&hellip;  <a href=\"https:\/\/agora.xtec.cat\/escguillemisarn\/general\/sortida-al-teatre-sise\/\" title=\"Read SORTIDA AL TEATRE SIS\u00c8\">Llegeix m\u00e9s\u00bb<\/a><\/p>\n","protected":false},"author":1,"featured_media":0,"comment_status":"open","ping_status":"closed","sticky":false,"template":"","format":"standard","meta":{"_bbp_topic_count":0,"_bbp_reply_count":0,"_bbp_total_topic_count":0,"_bbp_total_reply_count":0,"_bbp_voice_count":0,"_bbp_anonymous_reply_count":0,"_bbp_topic_count_hidden":0,"_bbp_reply_count_hidden":0,"_bbp_forum_subforum_count":0,"footnotes":""},"categories":[1,4],"tags":[69],"class_list":["post-862","post","type-post","status-publish","format-standard","hentry","category-general","category-portada","tag-teatre"],"post_mailing_queue_ids":[],"_links":{"self":[{"href":"https:\/\/agora.xtec.cat\/escguillemisarn\/wp-json\/wp\/v2\/posts\/862","targetHints":{"allow":["GET"]}}],"collection":[{"href":"https:\/\/agora.xtec.cat\/escguillemisarn\/wp-json\/wp\/v2\/posts"}],"about":[{"href":"https:\/\/agora.xtec.cat\/escguillemisarn\/wp-json\/wp\/v2\/types\/post"}],"author":[{"embeddable":true,"href":"https:\/\/agora.xtec.cat\/escguillemisarn\/wp-json\/wp\/v2\/users\/1"}],"replies":[{"embeddable":true,"href":"https:\/\/agora.xtec.cat\/escguillemisarn\/wp-json\/wp\/v2\/comments?post=862"}],"version-history":[{"count":1,"href":"https:\/\/agora.xtec.cat\/escguillemisarn\/wp-json\/wp\/v2\/posts\/862\/revisions"}],"predecessor-version":[{"id":866,"href":"https:\/\/agora.xtec.cat\/escguillemisarn\/wp-json\/wp\/v2\/posts\/862\/revisions\/866"}],"wp:attachment":[{"href":"https:\/\/agora.xtec.cat\/escguillemisarn\/wp-json\/wp\/v2\/media?parent=862"}],"wp:term":[{"taxonomy":"category","embeddable":true,"href":"https:\/\/agora.xtec.cat\/escguillemisarn\/wp-json\/wp\/v2\/categories?post=862"},{"taxonomy":"post_tag","embeddable":true,"href":"https:\/\/agora.xtec.cat\/escguillemisarn\/wp-json\/wp\/v2\/tags?post=862"}],"curies":[{"name":"wp","href":"https:\/\/api.w.org\/{rel}","templated":true}]}}