{"id":848,"date":"2020-02-26T13:26:57","date_gmt":"2020-02-26T12:26:57","guid":{"rendered":"https:\/\/agora.xtec.cat\/escguillemisarn\/?p=848"},"modified":"2020-02-26T13:27:20","modified_gmt":"2020-02-26T12:27:20","slug":"carnaval-2020-el-jocs-olimpics","status":"publish","type":"post","link":"https:\/\/agora.xtec.cat\/escguillemisarn\/general\/carnaval-2020-el-jocs-olimpics\/","title":{"rendered":"CARNAVAL 2020: EL JOCS OL\u00cdMPICS"},"content":{"rendered":"<p>Aqu\u00ed teniu una mostra fotogr\u00e0fica del carnaval 2020 dedicat aquest any als JOCS OL\u00cdMPICS. Cada curs va fer una petita representaci\u00f3 de l&#8217;esport que tenien assignat.<\/p>\n<p>&nbsp;<\/p>\n<p><a href=\"https:\/\/photos.app.goo.gl\/CnqSebMqMqBDUCq88\">https:\/\/photos.app.goo.gl\/CnqSebMqMqBDUCq88<\/a><\/p>\n","protected":false},"excerpt":{"rendered":"<p>Aqu\u00ed teniu una mostra fotogr\u00e0fica del carnaval 2020 dedicat aquest any als JOCS OL\u00cdMPICS. Cada curs va fer una petita representaci\u00f3 de l&#8217;esport que tenien assignat.<br \/>\n&nbsp;<br \/>\n<a href=\"https:\/\/photos.app.goo.gl\/CnqSebMqMqBDUCq88\">https:\/\/photos.app.goo.gl\/CnqSebMqMqBDUCq88<\/a><\/p>\n","protected":false},"author":1,"featured_media":0,"comment_status":"open","ping_status":"closed","sticky":false,"template":"","format":"standard","meta":{"_bbp_topic_count":0,"_bbp_reply_count":0,"_bbp_total_topic_count":0,"_bbp_total_reply_count":0,"_bbp_voice_count":0,"_bbp_anonymous_reply_count":0,"_bbp_topic_count_hidden":0,"_bbp_reply_count_hidden":0,"_bbp_forum_subforum_count":0,"footnotes":""},"categories":[1,2,4,5],"tags":[],"class_list":["post-848","post","type-post","status-publish","format-standard","hentry","category-general","category-infantil","category-portada","category-primaria"],"post_mailing_queue_ids":[],"_links":{"self":[{"href":"https:\/\/agora.xtec.cat\/escguillemisarn\/wp-json\/wp\/v2\/posts\/848","targetHints":{"allow":["GET"]}}],"collection":[{"href":"https:\/\/agora.xtec.cat\/escguillemisarn\/wp-json\/wp\/v2\/posts"}],"about":[{"href":"https:\/\/agora.xtec.cat\/escguillemisarn\/wp-json\/wp\/v2\/types\/post"}],"author":[{"embeddable":true,"href":"https:\/\/agora.xtec.cat\/escguillemisarn\/wp-json\/wp\/v2\/users\/1"}],"replies":[{"embeddable":true,"href":"https:\/\/agora.xtec.cat\/escguillemisarn\/wp-json\/wp\/v2\/comments?post=848"}],"version-history":[{"count":2,"href":"https:\/\/agora.xtec.cat\/escguillemisarn\/wp-json\/wp\/v2\/posts\/848\/revisions"}],"predecessor-version":[{"id":850,"href":"https:\/\/agora.xtec.cat\/escguillemisarn\/wp-json\/wp\/v2\/posts\/848\/revisions\/850"}],"wp:attachment":[{"href":"https:\/\/agora.xtec.cat\/escguillemisarn\/wp-json\/wp\/v2\/media?parent=848"}],"wp:term":[{"taxonomy":"category","embeddable":true,"href":"https:\/\/agora.xtec.cat\/escguillemisarn\/wp-json\/wp\/v2\/categories?post=848"},{"taxonomy":"post_tag","embeddable":true,"href":"https:\/\/agora.xtec.cat\/escguillemisarn\/wp-json\/wp\/v2\/tags?post=848"}],"curies":[{"name":"wp","href":"https:\/\/api.w.org\/{rel}","templated":true}]}}