{"id":745,"date":"2020-01-24T12:15:05","date_gmt":"2020-01-24T11:15:05","guid":{"rendered":"https:\/\/agora.xtec.cat\/escguillemisarn\/?p=745"},"modified":"2020-01-24T12:27:15","modified_gmt":"2020-01-24T11:27:15","slug":"ens-visiten-els-agents-rurals","status":"publish","type":"post","link":"https:\/\/agora.xtec.cat\/escguillemisarn\/general\/ens-visiten-els-agents-rurals\/","title":{"rendered":"Ens visiten els agents rurals"},"content":{"rendered":"<p>El medi ambient \u00e9s un dels aspectes que m\u00e9s hem de respectar, ja qu\u00e8 forma part del nostre entorn i el lloc on es desenvolupa la nostra vida. Per aquest motiu, la visita dels agents rurals va ser molt significativa perqu\u00e8 vam parlar sobre els incendis forestals i les seves conseq\u00fc\u00e8ncies.<\/p>\n<p><a style=\"color: #2795b6;\" href=\"https:\/\/photos.app.goo.gl\/vWu9xKFMBk7aSWEZ7\">https:\/\/photos.app.goo.gl\/vWu9xKFMBk7aSWEZ7<\/a><\/p>\n","protected":false},"excerpt":{"rendered":"<p>El medi ambient \u00e9s un dels aspectes que m\u00e9s hem de respectar, ja qu\u00e8 forma part del nostre entorn i el lloc on es desenvolupa la nostra vida. Per aquest motiu, la visita dels agents rurals va ser molt significativa perqu\u00e8 vam parlar sobre els&hellip;  <a href=\"https:\/\/agora.xtec.cat\/escguillemisarn\/general\/ens-visiten-els-agents-rurals\/\" title=\"Read Ens visiten els agents rurals\">Llegeix m\u00e9s\u00bb<\/a><\/p>\n","protected":false},"author":1,"featured_media":0,"comment_status":"open","ping_status":"closed","sticky":false,"template":"","format":"standard","meta":{"_bbp_topic_count":0,"_bbp_reply_count":0,"_bbp_total_topic_count":0,"_bbp_total_reply_count":0,"_bbp_voice_count":0,"_bbp_anonymous_reply_count":0,"_bbp_topic_count_hidden":0,"_bbp_reply_count_hidden":0,"_bbp_forum_subforum_count":0,"footnotes":""},"categories":[1],"tags":[],"class_list":["post-745","post","type-post","status-publish","format-standard","hentry","category-general"],"post_mailing_queue_ids":[],"_links":{"self":[{"href":"https:\/\/agora.xtec.cat\/escguillemisarn\/wp-json\/wp\/v2\/posts\/745","targetHints":{"allow":["GET"]}}],"collection":[{"href":"https:\/\/agora.xtec.cat\/escguillemisarn\/wp-json\/wp\/v2\/posts"}],"about":[{"href":"https:\/\/agora.xtec.cat\/escguillemisarn\/wp-json\/wp\/v2\/types\/post"}],"author":[{"embeddable":true,"href":"https:\/\/agora.xtec.cat\/escguillemisarn\/wp-json\/wp\/v2\/users\/1"}],"replies":[{"embeddable":true,"href":"https:\/\/agora.xtec.cat\/escguillemisarn\/wp-json\/wp\/v2\/comments?post=745"}],"version-history":[{"count":3,"href":"https:\/\/agora.xtec.cat\/escguillemisarn\/wp-json\/wp\/v2\/posts\/745\/revisions"}],"predecessor-version":[{"id":755,"href":"https:\/\/agora.xtec.cat\/escguillemisarn\/wp-json\/wp\/v2\/posts\/745\/revisions\/755"}],"wp:attachment":[{"href":"https:\/\/agora.xtec.cat\/escguillemisarn\/wp-json\/wp\/v2\/media?parent=745"}],"wp:term":[{"taxonomy":"category","embeddable":true,"href":"https:\/\/agora.xtec.cat\/escguillemisarn\/wp-json\/wp\/v2\/categories?post=745"},{"taxonomy":"post_tag","embeddable":true,"href":"https:\/\/agora.xtec.cat\/escguillemisarn\/wp-json\/wp\/v2\/tags?post=745"}],"curies":[{"name":"wp","href":"https:\/\/api.w.org\/{rel}","templated":true}]}}