{"id":487,"date":"2019-10-10T13:39:24","date_gmt":"2019-10-10T11:39:24","guid":{"rendered":"https:\/\/agora.xtec.cat\/escguillemisarn\/?p=487"},"modified":"2019-11-27T09:19:38","modified_gmt":"2019-11-27T08:19:38","slug":"la-nostra-escola-estrena-pagina-web","status":"publish","type":"post","link":"https:\/\/agora.xtec.cat\/escguillemisarn\/general\/la-nostra-escola-estrena-pagina-web\/","title":{"rendered":"La nostra escola estrena p\u00e0gina web"},"content":{"rendered":"<p>L&#8217;Escola Guillem Isarn estrena nova p\u00e0gina web, amb l&#8217;objectiu d&#8217;arribar a m\u00e9s persones de la comunitat educativa, aix\u00ed com tamb\u00e9, donar a con\u00e8ixer qui som, qu\u00e8 fem, quan ho fem i per qu\u00e8 ho fem.<\/p>\n<p>Entreu i navegueu!<\/p>\n<p>Benvinguts\/des!<\/p>\n<p><a href=\"https:\/\/agora.xtec.cat\/escguillemisarn\/wp-content\/uploads\/usu1631\/2019\/10\/por-que-tener-una-pagina-web.png\"><img loading=\"lazy\" decoding=\"async\" class=\"alignnone size-full wp-image-651\" src=\"https:\/\/agora.xtec.cat\/escguillemisarn\/wp-content\/uploads\/usu1631\/2019\/10\/por-que-tener-una-pagina-web.png\" alt=\"\" width=\"601\" height=\"401\" srcset=\"https:\/\/agora.xtec.cat\/escguillemisarn\/wp-content\/uploads\/usu1631\/2019\/10\/por-que-tener-una-pagina-web.png 601w, https:\/\/agora.xtec.cat\/escguillemisarn\/wp-content\/uploads\/usu1631\/2019\/10\/por-que-tener-una-pagina-web-300x200.png 300w\" sizes=\"auto, (max-width: 601px) 100vw, 601px\" \/><\/a><\/p>\n","protected":false},"excerpt":{"rendered":"<p>L&#8217;Escola Guillem Isarn estrena nova p\u00e0gina web, amb l&#8217;objectiu d&#8217;arribar a m\u00e9s persones de la comunitat educativa, aix\u00ed com tamb\u00e9, donar a con\u00e8ixer qui som, qu\u00e8 fem, quan ho fem i per qu\u00e8 ho fem.<br \/>\nEntreu i navegueu!<br \/>\nBenvinguts\/des!<br \/>\n<a href=\"https:\/\/agora.xtec.cat\/escguillemisarn\/wp-content\/uploads\/usu1631\/2019\/10\/por-que-tener-una-pagina-web.png\"><\/a><\/p>\n","protected":false},"author":1,"featured_media":0,"comment_status":"open","ping_status":"closed","sticky":false,"template":"","format":"standard","meta":{"_bbp_topic_count":0,"_bbp_reply_count":0,"_bbp_total_topic_count":0,"_bbp_total_reply_count":0,"_bbp_voice_count":0,"_bbp_anonymous_reply_count":0,"_bbp_topic_count_hidden":0,"_bbp_reply_count_hidden":0,"_bbp_forum_subforum_count":0,"footnotes":""},"categories":[1,4],"tags":[],"class_list":["post-487","post","type-post","status-publish","format-standard","hentry","category-general","category-portada"],"post_mailing_queue_ids":[],"_links":{"self":[{"href":"https:\/\/agora.xtec.cat\/escguillemisarn\/wp-json\/wp\/v2\/posts\/487","targetHints":{"allow":["GET"]}}],"collection":[{"href":"https:\/\/agora.xtec.cat\/escguillemisarn\/wp-json\/wp\/v2\/posts"}],"about":[{"href":"https:\/\/agora.xtec.cat\/escguillemisarn\/wp-json\/wp\/v2\/types\/post"}],"author":[{"embeddable":true,"href":"https:\/\/agora.xtec.cat\/escguillemisarn\/wp-json\/wp\/v2\/users\/1"}],"replies":[{"embeddable":true,"href":"https:\/\/agora.xtec.cat\/escguillemisarn\/wp-json\/wp\/v2\/comments?post=487"}],"version-history":[{"count":2,"href":"https:\/\/agora.xtec.cat\/escguillemisarn\/wp-json\/wp\/v2\/posts\/487\/revisions"}],"predecessor-version":[{"id":652,"href":"https:\/\/agora.xtec.cat\/escguillemisarn\/wp-json\/wp\/v2\/posts\/487\/revisions\/652"}],"wp:attachment":[{"href":"https:\/\/agora.xtec.cat\/escguillemisarn\/wp-json\/wp\/v2\/media?parent=487"}],"wp:term":[{"taxonomy":"category","embeddable":true,"href":"https:\/\/agora.xtec.cat\/escguillemisarn\/wp-json\/wp\/v2\/categories?post=487"},{"taxonomy":"post_tag","embeddable":true,"href":"https:\/\/agora.xtec.cat\/escguillemisarn\/wp-json\/wp\/v2\/tags?post=487"}],"curies":[{"name":"wp","href":"https:\/\/api.w.org\/{rel}","templated":true}]}}