{"id":4362,"date":"2026-04-27T14:25:12","date_gmt":"2026-04-27T12:25:12","guid":{"rendered":"https:\/\/agora.xtec.cat\/escguillemisarn\/?p=4362"},"modified":"2026-04-27T14:25:19","modified_gmt":"2026-04-27T12:25:19","slug":"sortida-a-montale-amb-bicicleta","status":"publish","type":"post","link":"https:\/\/agora.xtec.cat\/escguillemisarn\/general\/sortida-a-montale-amb-bicicleta\/","title":{"rendered":"Sortida a Montal\u00e9 amb bicicleta!"},"content":{"rendered":"<h3 data-section-id=\"17w67vj\" data-start=\"90\" data-end=\"157\"><a href=\"https:\/\/agora.xtec.cat\/escguillemisarn\/wp-content\/uploads\/usu1631\/2026\/04\/bici.png\"><img loading=\"lazy\" decoding=\"async\" class=\"wp-image-4363 alignleft\" src=\"https:\/\/agora.xtec.cat\/escguillemisarn\/wp-content\/uploads\/usu1631\/2026\/04\/bici.png\" alt=\"\" width=\"309\" height=\"309\" srcset=\"https:\/\/agora.xtec.cat\/escguillemisarn\/wp-content\/uploads\/usu1631\/2026\/04\/bici.png 900w, https:\/\/agora.xtec.cat\/escguillemisarn\/wp-content\/uploads\/usu1631\/2026\/04\/bici-300x300.png 300w, https:\/\/agora.xtec.cat\/escguillemisarn\/wp-content\/uploads\/usu1631\/2026\/04\/bici-150x150.png 150w, https:\/\/agora.xtec.cat\/escguillemisarn\/wp-content\/uploads\/usu1631\/2026\/04\/bici-768x768.png 768w\" sizes=\"auto, (max-width: 309px) 100vw, 309px\" \/><\/a>La tradicional bicicletada a Montal\u00e9 per Santa Montserrat \ud83d\udeb4\u200d\u2640\ufe0f<\/h3>\n<p data-start=\"159\" data-end=\"341\">Amb motiu de la diada de Santa Montserrat, l\u2019alumnat de cicle mitj\u00e0 i cicle superior ha tornat a viure una de les tradicions m\u00e9s estimades de l\u2019escola: la bicicletada fins a Montal\u00e9.<\/p>\n<p data-start=\"343\" data-end=\"586\">Es tracta d\u2019una activitat que forma part de la nostra identitat com a centre i que, any rere any, continuem amb molta il\u00b7lusi\u00f3. Fa molts anys que mantenim viva aquesta sortida, que combina esport, conviv\u00e8ncia i natura en un entorn privilegiat.<\/p>\n<p data-start=\"588\" data-end=\"835\">Despr\u00e9s del pati, hem iniciat el recorregut amb les bicicletes, compartint cam\u00ed, esfor\u00e7 i bons moments. Un cop arribats a Montal\u00e9, alguns grups han allargat una mica m\u00e9s la ruta fins al Bullidor, gaudint encara m\u00e9s del paisatge i de l\u2019experi\u00e8ncia.<\/p>\n<p data-start=\"837\" data-end=\"1143\">En tornar, hem recuperat forces amb el dinar i hem tingut estona per jugar, descansar i continuar compartint aquesta jornada tan especial amb companys i mestres. Per acabar-ho d\u2019arrodonir, la fam\u00edlia que regenta el nucli de Montal\u00e9 ens ha convidat a un refresc ben merescut, un gest que agra\u00efm sincerament.<\/p>\n<p data-start=\"1145\" data-end=\"1352\">Tamb\u00e9 volem expressar el nostre agra\u00efment a l\u2019Ajuntament pel seu suport, especialment per facilitar la \u201cfurgoneta escombra\u201d, que ha contribu\u00eft a garantir la seguretat i el bon desenvolupament de l\u2019activitat.<\/p>\n<p data-start=\"1354\" data-end=\"1510\">Ha estat un dia ple d\u2019energia, rialles i bons records, que refor\u00e7a els vincles entre l\u2019alumnat i ens connecta amb el nostre entorn i les nostres tradicions.<\/p>\n<p data-start=\"1512\" data-end=\"1564\">Ja esperem amb ganes la propera bicicletada! \ud83d\udeb4\u200d\u2642\ufe0f\ud83c\udf3f Us deixem unes quantes fotografies:\u00a0<a href=\"https:\/\/photos.app.goo.gl\/FeJ3guSN6D5Q4YeJA\">https:\/\/photos.app.goo.gl\/FeJ3guSN6D5Q4YeJA<\/a><\/p>\n","protected":false},"excerpt":{"rendered":"<p><a href=\"https:\/\/agora.xtec.cat\/escguillemisarn\/wp-content\/uploads\/usu1631\/2026\/04\/bici.png\"><\/a>La tradicional bicicletada a Montal\u00e9 per Santa Montserrat \ud83d\udeb4\u200d\u2640\ufe0f<br \/>\nAmb motiu de la diada de Santa Montserrat, l\u2019alumnat de cicle mitj\u00e0 i cicle superior ha tornat a viure una de les tradicions m\u00e9s estimades de l\u2019escola: la bicicletada fins a Montal\u00e9.<br \/>\nEs tracta d\u2019una activitat que&hellip;  <a href=\"https:\/\/agora.xtec.cat\/escguillemisarn\/general\/sortida-a-montale-amb-bicicleta\/\" title=\"Read Sortida a Montal\u00e9 amb bicicleta!\">Llegeix m\u00e9s\u00bb<\/a><\/p>\n","protected":false},"author":1,"featured_media":0,"comment_status":"open","ping_status":"open","sticky":false,"template":"","format":"standard","meta":{"_bbp_topic_count":0,"_bbp_reply_count":0,"_bbp_total_topic_count":0,"_bbp_total_reply_count":0,"_bbp_voice_count":0,"_bbp_anonymous_reply_count":0,"_bbp_topic_count_hidden":0,"_bbp_reply_count_hidden":0,"_bbp_forum_subforum_count":0,"footnotes":""},"categories":[1],"tags":[],"class_list":["post-4362","post","type-post","status-publish","format-standard","hentry","category-general"],"post_mailing_queue_ids":[],"_links":{"self":[{"href":"https:\/\/agora.xtec.cat\/escguillemisarn\/wp-json\/wp\/v2\/posts\/4362","targetHints":{"allow":["GET"]}}],"collection":[{"href":"https:\/\/agora.xtec.cat\/escguillemisarn\/wp-json\/wp\/v2\/posts"}],"about":[{"href":"https:\/\/agora.xtec.cat\/escguillemisarn\/wp-json\/wp\/v2\/types\/post"}],"author":[{"embeddable":true,"href":"https:\/\/agora.xtec.cat\/escguillemisarn\/wp-json\/wp\/v2\/users\/1"}],"replies":[{"embeddable":true,"href":"https:\/\/agora.xtec.cat\/escguillemisarn\/wp-json\/wp\/v2\/comments?post=4362"}],"version-history":[{"count":1,"href":"https:\/\/agora.xtec.cat\/escguillemisarn\/wp-json\/wp\/v2\/posts\/4362\/revisions"}],"predecessor-version":[{"id":4364,"href":"https:\/\/agora.xtec.cat\/escguillemisarn\/wp-json\/wp\/v2\/posts\/4362\/revisions\/4364"}],"wp:attachment":[{"href":"https:\/\/agora.xtec.cat\/escguillemisarn\/wp-json\/wp\/v2\/media?parent=4362"}],"wp:term":[{"taxonomy":"category","embeddable":true,"href":"https:\/\/agora.xtec.cat\/escguillemisarn\/wp-json\/wp\/v2\/categories?post=4362"},{"taxonomy":"post_tag","embeddable":true,"href":"https:\/\/agora.xtec.cat\/escguillemisarn\/wp-json\/wp\/v2\/tags?post=4362"}],"curies":[{"name":"wp","href":"https:\/\/api.w.org\/{rel}","templated":true}]}}