{"id":4359,"date":"2026-04-27T14:24:58","date_gmt":"2026-04-27T12:24:58","guid":{"rendered":"https:\/\/agora.xtec.cat\/escguillemisarn\/?p=4359"},"modified":"2026-04-27T14:24:58","modified_gmt":"2026-04-27T12:24:58","slug":"lets-clean-up-2","status":"publish","type":"post","link":"https:\/\/agora.xtec.cat\/escguillemisarn\/general\/lets-clean-up-2\/","title":{"rendered":"Let&#8217;s clean up!!!!"},"content":{"rendered":"<h3 data-section-id=\"18w4h8m\" data-start=\"100\" data-end=\"143\"><a href=\"https:\/\/agora.xtec.cat\/escguillemisarn\/wp-content\/uploads\/usu1631\/2026\/04\/Lets-clean.png\"><img loading=\"lazy\" decoding=\"async\" class=\"size-full wp-image-4360 alignleft\" src=\"https:\/\/agora.xtec.cat\/escguillemisarn\/wp-content\/uploads\/usu1631\/2026\/04\/Lets-clean.png\" alt=\"\" width=\"189\" height=\"267\" \/><\/a>Participem en el Let\u2019s Clean Up Europe!<\/h3>\n<p data-start=\"145\" data-end=\"365\">Avui, tot l\u2019alumnat de 6\u00e8 ha participat en una activitat molt especial dins del marc europeu del programa <em data-start=\"257\" data-end=\"281\">Let\u2019s Clean Up Europe!<\/em>, una iniciativa que promou la conscienciaci\u00f3 ambiental i la cura del nostre entorn.<\/p>\n<p data-start=\"367\" data-end=\"679\">Al llarg del mat\u00ed, els alumnes de 6\u00e8 han sortit pels voltants de l\u2019escola per recollir residus abandonats en carrers, zones verdes i espais naturals propers. Aquesta acci\u00f3 ens ha perm\u00e8s prendre consci\u00e8ncia de la quantitat de deixalles que sovint acaben a la natura i del seu impacte negatiu en el medi ambient.<\/p>\n<p data-start=\"681\" data-end=\"1226\">El programa <em data-start=\"693\" data-end=\"717\">Let\u2019s Clean Up Europe!<\/em> \u00e9s una campanya europea que forma part de la Setmana Europea de la Prevenci\u00f3 de Residus i que t\u00e9 com a objectiu reduir l\u2019abandonament de deixalles i sensibilitzar la ciutadania sobre la import\u00e0ncia de prevenir i gestionar correctament els residus. <br data-start=\"1003\" data-end=\"1006\" \/>A trav\u00e9s d\u2019accions com la d\u2019avui, no nom\u00e9s es contribueix a netejar espais naturals, sin\u00f3 que tamb\u00e9 es fomenta un canvi d\u2019h\u00e0bits i una actitud m\u00e9s responsable envers el medi ambient.<\/p>\n<p data-start=\"1228\" data-end=\"1443\">A m\u00e9s, aquesta iniciativa t\u00e9 un fort component educatiu: permet a l\u2019alumnat aprendre de manera vivencial, implicar-se en la millora del seu entorn i entendre que petits gestos poden tenir un gran impacte col\u00b7lectiu.<\/p>\n<p data-start=\"1445\" data-end=\"1661\">Des del centre, valorem molt positivament la implicaci\u00f3 de l\u2019alumnat i del professorat en aquesta jornada. Accions com aquesta ens ajuden a avan\u00e7ar cap a un entorn m\u00e9s net, sostenible i respectu\u00f3s amb el planeta.<\/p>\n<p data-start=\"1663\" data-end=\"1720\">Seguim treballant junts per cuidar el nostre entorn! \ud83c\udf0d\u267b\ufe0f<\/p>\n<p>Us deixem unes quantes fotografies:\u00a0<a href=\"https:\/\/photos.app.goo.gl\/nmkqVNSqTZ3RECeZ7\">https:\/\/photos.app.goo.gl\/nmkqVNSqTZ3RECeZ7<\/a><\/p>\n","protected":false},"excerpt":{"rendered":"<p><a href=\"https:\/\/agora.xtec.cat\/escguillemisarn\/wp-content\/uploads\/usu1631\/2026\/04\/Lets-clean.png\"><\/a>Participem en el Let\u2019s Clean Up Europe!<br \/>\nAvui, tot l\u2019alumnat de 6\u00e8 ha participat en una activitat molt especial dins del marc europeu del programa Let\u2019s Clean Up Europe!, una iniciativa que promou la conscienciaci\u00f3 ambiental i la cura del nostre entorn.<br \/>\nAl llarg del mat\u00ed,&hellip;  <a href=\"https:\/\/agora.xtec.cat\/escguillemisarn\/general\/lets-clean-up-2\/\" title=\"Read Let&#8217;s clean up!!!!\">Llegeix m\u00e9s\u00bb<\/a><\/p>\n","protected":false},"author":1,"featured_media":0,"comment_status":"open","ping_status":"open","sticky":false,"template":"","format":"standard","meta":{"_bbp_topic_count":0,"_bbp_reply_count":0,"_bbp_total_topic_count":0,"_bbp_total_reply_count":0,"_bbp_voice_count":0,"_bbp_anonymous_reply_count":0,"_bbp_topic_count_hidden":0,"_bbp_reply_count_hidden":0,"_bbp_forum_subforum_count":0,"footnotes":""},"categories":[71,72,73,77,1,2,4,5],"tags":[],"class_list":["post-4359","post","type-post","status-publish","format-standard","hentry","category-ci","category-cm","category-cs","category-escola-verda","category-general","category-infantil","category-portada","category-primaria"],"post_mailing_queue_ids":[],"_links":{"self":[{"href":"https:\/\/agora.xtec.cat\/escguillemisarn\/wp-json\/wp\/v2\/posts\/4359","targetHints":{"allow":["GET"]}}],"collection":[{"href":"https:\/\/agora.xtec.cat\/escguillemisarn\/wp-json\/wp\/v2\/posts"}],"about":[{"href":"https:\/\/agora.xtec.cat\/escguillemisarn\/wp-json\/wp\/v2\/types\/post"}],"author":[{"embeddable":true,"href":"https:\/\/agora.xtec.cat\/escguillemisarn\/wp-json\/wp\/v2\/users\/1"}],"replies":[{"embeddable":true,"href":"https:\/\/agora.xtec.cat\/escguillemisarn\/wp-json\/wp\/v2\/comments?post=4359"}],"version-history":[{"count":2,"href":"https:\/\/agora.xtec.cat\/escguillemisarn\/wp-json\/wp\/v2\/posts\/4359\/revisions"}],"predecessor-version":[{"id":4365,"href":"https:\/\/agora.xtec.cat\/escguillemisarn\/wp-json\/wp\/v2\/posts\/4359\/revisions\/4365"}],"wp:attachment":[{"href":"https:\/\/agora.xtec.cat\/escguillemisarn\/wp-json\/wp\/v2\/media?parent=4359"}],"wp:term":[{"taxonomy":"category","embeddable":true,"href":"https:\/\/agora.xtec.cat\/escguillemisarn\/wp-json\/wp\/v2\/categories?post=4359"},{"taxonomy":"post_tag","embeddable":true,"href":"https:\/\/agora.xtec.cat\/escguillemisarn\/wp-json\/wp\/v2\/tags?post=4359"}],"curies":[{"name":"wp","href":"https:\/\/api.w.org\/{rel}","templated":true}]}}