{"id":4353,"date":"2026-04-24T12:46:39","date_gmt":"2026-04-24T10:46:39","guid":{"rendered":"https:\/\/agora.xtec.cat\/escguillemisarn\/?p=4353"},"modified":"2026-04-25T14:37:42","modified_gmt":"2026-04-25T12:37:42","slug":"plantada-de-flors","status":"publish","type":"post","link":"https:\/\/agora.xtec.cat\/escguillemisarn\/general\/plantada-de-flors\/","title":{"rendered":"Plantada de flors!"},"content":{"rendered":"<p><a href=\"https:\/\/agora.xtec.cat\/escguillemisarn\/wp-content\/uploads\/usu1631\/2026\/04\/flowers-7652496_1280.png\"><img loading=\"lazy\" decoding=\"async\" class=\"wp-image-4354 alignleft\" src=\"https:\/\/agora.xtec.cat\/escguillemisarn\/wp-content\/uploads\/usu1631\/2026\/04\/flowers-7652496_1280-1024x1024.png\" alt=\"\" width=\"295\" height=\"295\" srcset=\"https:\/\/agora.xtec.cat\/escguillemisarn\/wp-content\/uploads\/usu1631\/2026\/04\/flowers-7652496_1280-1024x1024.png 1024w, https:\/\/agora.xtec.cat\/escguillemisarn\/wp-content\/uploads\/usu1631\/2026\/04\/flowers-7652496_1280-300x300.png 300w, https:\/\/agora.xtec.cat\/escguillemisarn\/wp-content\/uploads\/usu1631\/2026\/04\/flowers-7652496_1280-150x150.png 150w, https:\/\/agora.xtec.cat\/escguillemisarn\/wp-content\/uploads\/usu1631\/2026\/04\/flowers-7652496_1280-768x768.png 768w, https:\/\/agora.xtec.cat\/escguillemisarn\/wp-content\/uploads\/usu1631\/2026\/04\/flowers-7652496_1280.png 1280w\" sizes=\"auto, (max-width: 295px) 100vw, 295px\" \/><\/a><\/p>\n<p class=\"isSelectedEnd\">Avui, l\u2019alumnat de cinqu\u00e8 ha participat en una activitat molt especial: la plantada de flors al pati de l\u2019escola. Aquesta iniciativa s\u2019emmarca dins del projecte d\u2019Escola Verda, que promou el respecte pel medi ambient i la sostenibilitat en el dia a dia del centre.<\/p>\n<p class=\"isSelectedEnd\">Durant l\u2019activitat, els nens i nenes han apr\u00e8s el proc\u00e9s de transplantament, des de la preparaci\u00f3 de la terra fins a la correcta col\u00b7locaci\u00f3 de les plantes. Tamb\u00e9 han descobert quines cures necessita una pet\u00fania per cr\u00e9ixer sana i florida, com ara la import\u00e0ncia del reg adequat, la llum solar i el manteniment del s\u00f2l.<\/p>\n<p>Ha estat una experi\u00e8ncia enriquidora que combina aprenentatge pr\u00e0ctic i consci\u00e8ncia ambiental. Amb accions com aquesta, continuem fomentant valors de responsabilitat i respecte cap a la natura entre el nostre alumnat.<\/p>\n<p>Us deixem unes quantes fotos del proc\u00e9s:\u00a0<a href=\"https:\/\/photos.app.goo.gl\/v38Z2xqXeQ8L1nvd6\">https:\/\/photos.app.goo.gl\/v38Z2xqXeQ8L1nvd6<\/a><\/p>\n<p>&nbsp;<\/p>\n","protected":false},"excerpt":{"rendered":"<p><a href=\"https:\/\/agora.xtec.cat\/escguillemisarn\/wp-content\/uploads\/usu1631\/2026\/04\/flowers-7652496_1280.png\"><\/a><br \/>\nAvui, l\u2019alumnat de cinqu\u00e8 ha participat en una activitat molt especial: la plantada de flors al pati de l\u2019escola. Aquesta iniciativa s\u2019emmarca dins del projecte d\u2019Escola Verda, que promou el respecte pel medi ambient i la sostenibilitat en el dia a dia del centre.<br \/>\nDurant&hellip;  <a href=\"https:\/\/agora.xtec.cat\/escguillemisarn\/general\/plantada-de-flors\/\" title=\"Read Plantada de flors!\">Llegeix m\u00e9s\u00bb<\/a><\/p>\n","protected":false},"author":1,"featured_media":0,"comment_status":"open","ping_status":"open","sticky":false,"template":"","format":"standard","meta":{"_bbp_topic_count":0,"_bbp_reply_count":0,"_bbp_total_topic_count":0,"_bbp_total_reply_count":0,"_bbp_voice_count":0,"_bbp_anonymous_reply_count":0,"_bbp_topic_count_hidden":0,"_bbp_reply_count_hidden":0,"_bbp_forum_subforum_count":0,"footnotes":""},"categories":[73,77,1,4,5],"tags":[],"class_list":["post-4353","post","type-post","status-publish","format-standard","hentry","category-cs","category-escola-verda","category-general","category-portada","category-primaria"],"post_mailing_queue_ids":[],"_links":{"self":[{"href":"https:\/\/agora.xtec.cat\/escguillemisarn\/wp-json\/wp\/v2\/posts\/4353","targetHints":{"allow":["GET"]}}],"collection":[{"href":"https:\/\/agora.xtec.cat\/escguillemisarn\/wp-json\/wp\/v2\/posts"}],"about":[{"href":"https:\/\/agora.xtec.cat\/escguillemisarn\/wp-json\/wp\/v2\/types\/post"}],"author":[{"embeddable":true,"href":"https:\/\/agora.xtec.cat\/escguillemisarn\/wp-json\/wp\/v2\/users\/1"}],"replies":[{"embeddable":true,"href":"https:\/\/agora.xtec.cat\/escguillemisarn\/wp-json\/wp\/v2\/comments?post=4353"}],"version-history":[{"count":1,"href":"https:\/\/agora.xtec.cat\/escguillemisarn\/wp-json\/wp\/v2\/posts\/4353\/revisions"}],"predecessor-version":[{"id":4355,"href":"https:\/\/agora.xtec.cat\/escguillemisarn\/wp-json\/wp\/v2\/posts\/4353\/revisions\/4355"}],"wp:attachment":[{"href":"https:\/\/agora.xtec.cat\/escguillemisarn\/wp-json\/wp\/v2\/media?parent=4353"}],"wp:term":[{"taxonomy":"category","embeddable":true,"href":"https:\/\/agora.xtec.cat\/escguillemisarn\/wp-json\/wp\/v2\/categories?post=4353"},{"taxonomy":"post_tag","embeddable":true,"href":"https:\/\/agora.xtec.cat\/escguillemisarn\/wp-json\/wp\/v2\/tags?post=4353"}],"curies":[{"name":"wp","href":"https:\/\/api.w.org\/{rel}","templated":true}]}}