{"id":4349,"date":"2026-04-17T11:55:26","date_gmt":"2026-04-17T09:55:26","guid":{"rendered":"https:\/\/agora.xtec.cat\/escguillemisarn\/?p=4349"},"modified":"2026-04-22T12:11:35","modified_gmt":"2026-04-22T10:11:35","slug":"lescriptora-anna-manso-visita-lescola","status":"publish","type":"post","link":"https:\/\/agora.xtec.cat\/escguillemisarn\/general\/lescriptora-anna-manso-visita-lescola\/","title":{"rendered":"L&#8217;escriptora Anna Manso visita l&#8217;escola"},"content":{"rendered":"<p>Aquest divendres dia 17 d&#8217;abril, hem tingut una visita molt especial a l\u2019escola: l\u2019escriptora Anna Mans\u00f3 que ha compartit una estona amb els nens i nenes d\u2019educaci\u00f3 infantil i de cicle inicial.<\/p>\n<p class=\"isSelectedEnd\">Els m\u00e9s petits havien treballat el seu conte &#8220;<em>El drac se\u2019n va de festa&#8221;<\/em>, i amb l\u2019Anna han pogut recordar entre tots la hist\u00f2ria i reviure alguns dels moments m\u00e9s divertits. Ha estat una trobada plena de somriures i complicitat.<\/p>\n<p class=\"isSelectedEnd\">Per la seva banda, els alumnes de cicle inicial han llegit <em>La llista d\u2019aniversari<\/em>, i han tingut l\u2019oportunitat de conversar amb l\u2019autora sobre el llibre. L\u2019Anna ens ha explicat d\u2019on li venen les idees, com construeix les seves hist\u00f2ries i tamb\u00e9 ens ha confessat que, quan comen\u00e7a a escriure, sempre sent una mica de por. Per\u00f2, tal com diu ella, se la guarda a la butxaca i es \u201cllan\u00e7a a la piscina\u201d per comen\u00e7ar a crear.<\/p>\n<p class=\"isSelectedEnd\">Durant la trobada tamb\u00e9 hem descobert que, a m\u00e9s d\u2019escriptora, \u00e9s guionista, i que ha escrit 57 llibres per a totes les edats. I encara m\u00e9s: ens ha avan\u00e7at que en t\u00e9 dos m\u00e9s a punt de publicar!<\/p>\n<p class=\"isSelectedEnd\">Els alumnes han pogut fer-li moltes preguntes, i l\u2019Anna les ha respost amb molta amabilitat i entusiasme, creant un ambient molt proper i enriquidor.<\/p>\n<p>Ha estat una experi\u00e8ncia molt inspiradora que, sens dubte, ens anima a continuar llegint, imaginant i escrivint.<\/p>\n<p>Us deixem un recull de fotos.<\/p>\n<p><a href=\"https:\/\/photos.app.goo.gl\/UFjk7NdvvAgMsFK67\">https:\/\/photos.app.goo.gl\/UFjk7NdvvAgMsFK67<\/a><\/p>\n<p>&nbsp;<\/p>\n","protected":false},"excerpt":{"rendered":"<p>Aquest divendres dia 17 d&#8217;abril, hem tingut una visita molt especial a l\u2019escola: l\u2019escriptora Anna Mans\u00f3 que ha compartit una estona amb els nens i nenes d\u2019educaci\u00f3 infantil i de cicle inicial.<br \/>\nEls m\u00e9s petits havien treballat el seu conte &#8220;El drac se\u2019n va de festa&#8221;,&hellip;  <a href=\"https:\/\/agora.xtec.cat\/escguillemisarn\/general\/lescriptora-anna-manso-visita-lescola\/\" title=\"Read L&#8217;escriptora Anna Manso visita l&#8217;escola\">Llegeix m\u00e9s\u00bb<\/a><\/p>\n","protected":false},"author":8,"featured_media":0,"comment_status":"open","ping_status":"open","sticky":false,"template":"","format":"standard","meta":{"_bbp_topic_count":0,"_bbp_reply_count":0,"_bbp_total_topic_count":0,"_bbp_total_reply_count":0,"_bbp_voice_count":0,"_bbp_anonymous_reply_count":0,"_bbp_topic_count_hidden":0,"_bbp_reply_count_hidden":0,"_bbp_forum_subforum_count":0,"footnotes":""},"categories":[71,1,2],"tags":[],"class_list":["post-4349","post","type-post","status-publish","format-standard","hentry","category-ci","category-general","category-infantil"],"post_mailing_queue_ids":[],"_links":{"self":[{"href":"https:\/\/agora.xtec.cat\/escguillemisarn\/wp-json\/wp\/v2\/posts\/4349","targetHints":{"allow":["GET"]}}],"collection":[{"href":"https:\/\/agora.xtec.cat\/escguillemisarn\/wp-json\/wp\/v2\/posts"}],"about":[{"href":"https:\/\/agora.xtec.cat\/escguillemisarn\/wp-json\/wp\/v2\/types\/post"}],"author":[{"embeddable":true,"href":"https:\/\/agora.xtec.cat\/escguillemisarn\/wp-json\/wp\/v2\/users\/8"}],"replies":[{"embeddable":true,"href":"https:\/\/agora.xtec.cat\/escguillemisarn\/wp-json\/wp\/v2\/comments?post=4349"}],"version-history":[{"count":3,"href":"https:\/\/agora.xtec.cat\/escguillemisarn\/wp-json\/wp\/v2\/posts\/4349\/revisions"}],"predecessor-version":[{"id":4352,"href":"https:\/\/agora.xtec.cat\/escguillemisarn\/wp-json\/wp\/v2\/posts\/4349\/revisions\/4352"}],"wp:attachment":[{"href":"https:\/\/agora.xtec.cat\/escguillemisarn\/wp-json\/wp\/v2\/media?parent=4349"}],"wp:term":[{"taxonomy":"category","embeddable":true,"href":"https:\/\/agora.xtec.cat\/escguillemisarn\/wp-json\/wp\/v2\/categories?post=4349"},{"taxonomy":"post_tag","embeddable":true,"href":"https:\/\/agora.xtec.cat\/escguillemisarn\/wp-json\/wp\/v2\/tags?post=4349"}],"curies":[{"name":"wp","href":"https:\/\/api.w.org\/{rel}","templated":true}]}}