{"id":4336,"date":"2026-03-25T14:28:00","date_gmt":"2026-03-25T13:28:00","guid":{"rendered":"https:\/\/agora.xtec.cat\/escguillemisarn\/?p=4336"},"modified":"2026-03-25T14:28:00","modified_gmt":"2026-03-25T13:28:00","slug":"els-ocells-a-laula-sensorial-i-als-minimons-dinfantil","status":"publish","type":"post","link":"https:\/\/agora.xtec.cat\/escguillemisarn\/general\/els-ocells-a-laula-sensorial-i-als-minimons-dinfantil\/","title":{"rendered":"&#8220;ELS OCELLS&#8221; A L&#8217;AULA SENSORIAL I ALS MINIMONS D&#8217;INFANTIL"},"content":{"rendered":"<p style=\"text-align: left;\">\n<a href=\"https:\/\/agora.xtec.cat\/escguillemisarn\/wp-content\/uploads\/usu1631\/2025\/06\/Apus_apus_-Barcelona_Spain-8_1.jpg\"><img loading=\"lazy\" decoding=\"async\" class=\"wp-image-4023 alignleft\" src=\"https:\/\/agora.xtec.cat\/escguillemisarn\/wp-content\/uploads\/usu1631\/2025\/06\/Apus_apus_-Barcelona_Spain-8_1-150x150.jpg\" alt=\"\" width=\"140\" height=\"140\" \/><\/a> Aquest segon trimestre l&#8217;hem dedicat a treballar les cigonyes i tamb\u00e9 hem apr\u00e8s algunes coses de la seva esp\u00e8cie, que s\u00f3n els ocells. A l&#8217;aula sensorial, a trav\u00e9s de les taules de llum i dels minimons, n&#8217;hem volgut dedicar una sessi\u00f3: hem explicat un conte amb ombres, hem fet manualitats, hem treballat la discriminaci\u00f3 d&#8217;ocells, hem fet trencaclosques i hem practicat la psicomotricitat fina i la creativitat.<\/p>\n<p style=\"text-align: left;\">Aqu\u00ed us deixem un recull de la sessi\u00f3\u00a0 \u00a0<a href=\"https:\/\/photos.app.goo.gl\/sPwcxGAZ9ceFPbUy5\">https:\/\/photos.app.goo.gl\/sPwcxGAZ9ceFPbUy5<\/a><\/p>\n<p>&nbsp;<\/p>\n","protected":false},"excerpt":{"rendered":"<p><a href=\"https:\/\/agora.xtec.cat\/escguillemisarn\/wp-content\/uploads\/usu1631\/2025\/06\/Apus_apus_-Barcelona_Spain-8_1.jpg\"><\/a> Aquest segon trimestre l&#8217;hem dedicat a treballar les cigonyes i tamb\u00e9 hem apr\u00e8s algunes coses de la seva esp\u00e8cie, que s\u00f3n els ocells. A l&#8217;aula sensorial, a trav\u00e9s de les taules de llum i dels minimons, n&#8217;hem volgut dedicar una sessi\u00f3: hem explicat&hellip;  <a href=\"https:\/\/agora.xtec.cat\/escguillemisarn\/general\/els-ocells-a-laula-sensorial-i-als-minimons-dinfantil\/\" title=\"Read &#8220;ELS OCELLS&#8221; A L&#8217;AULA SENSORIAL I ALS MINIMONS D&#8217;INFANTIL\">Llegeix m\u00e9s\u00bb<\/a><\/p>\n","protected":false},"author":20,"featured_media":0,"comment_status":"open","ping_status":"open","sticky":false,"template":"","format":"standard","meta":{"_bbp_topic_count":0,"_bbp_reply_count":0,"_bbp_total_topic_count":0,"_bbp_total_reply_count":0,"_bbp_voice_count":0,"_bbp_anonymous_reply_count":0,"_bbp_topic_count_hidden":0,"_bbp_reply_count_hidden":0,"_bbp_forum_subforum_count":0,"footnotes":""},"categories":[1,2,4],"tags":[],"class_list":["post-4336","post","type-post","status-publish","format-standard","hentry","category-general","category-infantil","category-portada"],"post_mailing_queue_ids":[],"_links":{"self":[{"href":"https:\/\/agora.xtec.cat\/escguillemisarn\/wp-json\/wp\/v2\/posts\/4336","targetHints":{"allow":["GET"]}}],"collection":[{"href":"https:\/\/agora.xtec.cat\/escguillemisarn\/wp-json\/wp\/v2\/posts"}],"about":[{"href":"https:\/\/agora.xtec.cat\/escguillemisarn\/wp-json\/wp\/v2\/types\/post"}],"author":[{"embeddable":true,"href":"https:\/\/agora.xtec.cat\/escguillemisarn\/wp-json\/wp\/v2\/users\/20"}],"replies":[{"embeddable":true,"href":"https:\/\/agora.xtec.cat\/escguillemisarn\/wp-json\/wp\/v2\/comments?post=4336"}],"version-history":[{"count":4,"href":"https:\/\/agora.xtec.cat\/escguillemisarn\/wp-json\/wp\/v2\/posts\/4336\/revisions"}],"predecessor-version":[{"id":4340,"href":"https:\/\/agora.xtec.cat\/escguillemisarn\/wp-json\/wp\/v2\/posts\/4336\/revisions\/4340"}],"wp:attachment":[{"href":"https:\/\/agora.xtec.cat\/escguillemisarn\/wp-json\/wp\/v2\/media?parent=4336"}],"wp:term":[{"taxonomy":"category","embeddable":true,"href":"https:\/\/agora.xtec.cat\/escguillemisarn\/wp-json\/wp\/v2\/categories?post=4336"},{"taxonomy":"post_tag","embeddable":true,"href":"https:\/\/agora.xtec.cat\/escguillemisarn\/wp-json\/wp\/v2\/tags?post=4336"}],"curies":[{"name":"wp","href":"https:\/\/api.w.org\/{rel}","templated":true}]}}