{"id":4310,"date":"2026-03-07T10:34:48","date_gmt":"2026-03-07T09:34:48","guid":{"rendered":"https:\/\/agora.xtec.cat\/escguillemisarn\/?p=4310"},"modified":"2026-03-07T10:34:48","modified_gmt":"2026-03-07T09:34:48","slug":"8m-dia-internacional-de-la-dona-2","status":"publish","type":"post","link":"https:\/\/agora.xtec.cat\/escguillemisarn\/general\/8m-dia-internacional-de-la-dona-2\/","title":{"rendered":"8M DIA INTERNACIONAL DE LA DONA"},"content":{"rendered":"<p>Avui divendres dia 6 de mar\u00e7, al llarg del mat\u00ed, tot l&#8217;alumnat de l&#8217;escola\u00a0 amb volunt\u00e0ries del Casal de la Gent Gran, a trav\u00e9s de converses, jocs de frases i una manualitat final hem pogut con\u00e8ixer\u00a0 de primera m\u00e0 com ha evolucionat el paper de la dona; els rols d&#8217;abans i d&#8217;ara, les tasques, els drets i les oportunitats.Ens hem organitzat en petits grups, hem compartit experi\u00e8ncies, reflexions i viv\u00e8ncies per comprendre millor la import\u00e0ncia de la igualtat i la coeducaci\u00f3.<\/p>\n<p>L&#8217;AHIR I L&#8217;AVUI DE LES DONES EN LA NOSTRA SOCIETAT<\/p>\n<p>Moltes gr\u00e0cies per la vostra visita.<\/p>\n<p><a href=\"https:\/\/photos.app.goo.gl\/V7ZaM54Ji1RaCRY27\">https:\/\/photos.app.goo.gl\/V7ZaM54Ji1RaCRY27<\/a><\/p>\n<p><a href=\"https:\/\/agora.xtec.cat\/escguillemisarn\/wp-content\/uploads\/usu1631\/2024\/03\/Marie-Curie-e1709907238823.jpg\"><img loading=\"lazy\" decoding=\"async\" class=\"size-thumbnail wp-image-3247 alignnone\" src=\"https:\/\/agora.xtec.cat\/escguillemisarn\/wp-content\/uploads\/usu1631\/2024\/03\/Marie-Curie-e1709907238823-150x150.jpg\" alt=\"\" width=\"150\" height=\"150\" \/><\/a><\/p>\n<p>&nbsp;<\/p>\n","protected":false},"excerpt":{"rendered":"<p>Avui divendres dia 6 de mar\u00e7, al llarg del mat\u00ed, tot l&#8217;alumnat de l&#8217;escola\u00a0 amb volunt\u00e0ries del Casal de la Gent Gran, a trav\u00e9s de converses, jocs de frases i una manualitat final hem pogut con\u00e8ixer\u00a0 de primera m\u00e0 com ha evolucionat el paper de&hellip;  <a href=\"https:\/\/agora.xtec.cat\/escguillemisarn\/general\/8m-dia-internacional-de-la-dona-2\/\" title=\"Read 8M DIA INTERNACIONAL DE LA DONA\">Llegeix m\u00e9s\u00bb<\/a><\/p>\n","protected":false},"author":20,"featured_media":0,"comment_status":"open","ping_status":"open","sticky":false,"template":"","format":"standard","meta":{"_bbp_topic_count":0,"_bbp_reply_count":0,"_bbp_total_topic_count":0,"_bbp_total_reply_count":0,"_bbp_voice_count":0,"_bbp_anonymous_reply_count":0,"_bbp_topic_count_hidden":0,"_bbp_reply_count_hidden":0,"_bbp_forum_subforum_count":0,"footnotes":""},"categories":[77,79,1,2,4,5],"tags":[],"class_list":["post-4310","post","type-post","status-publish","format-standard","hentry","category-escola-verda","category-foment-de-la-lectura","category-general","category-infantil","category-portada","category-primaria"],"post_mailing_queue_ids":[],"_links":{"self":[{"href":"https:\/\/agora.xtec.cat\/escguillemisarn\/wp-json\/wp\/v2\/posts\/4310","targetHints":{"allow":["GET"]}}],"collection":[{"href":"https:\/\/agora.xtec.cat\/escguillemisarn\/wp-json\/wp\/v2\/posts"}],"about":[{"href":"https:\/\/agora.xtec.cat\/escguillemisarn\/wp-json\/wp\/v2\/types\/post"}],"author":[{"embeddable":true,"href":"https:\/\/agora.xtec.cat\/escguillemisarn\/wp-json\/wp\/v2\/users\/20"}],"replies":[{"embeddable":true,"href":"https:\/\/agora.xtec.cat\/escguillemisarn\/wp-json\/wp\/v2\/comments?post=4310"}],"version-history":[{"count":1,"href":"https:\/\/agora.xtec.cat\/escguillemisarn\/wp-json\/wp\/v2\/posts\/4310\/revisions"}],"predecessor-version":[{"id":4311,"href":"https:\/\/agora.xtec.cat\/escguillemisarn\/wp-json\/wp\/v2\/posts\/4310\/revisions\/4311"}],"wp:attachment":[{"href":"https:\/\/agora.xtec.cat\/escguillemisarn\/wp-json\/wp\/v2\/media?parent=4310"}],"wp:term":[{"taxonomy":"category","embeddable":true,"href":"https:\/\/agora.xtec.cat\/escguillemisarn\/wp-json\/wp\/v2\/categories?post=4310"},{"taxonomy":"post_tag","embeddable":true,"href":"https:\/\/agora.xtec.cat\/escguillemisarn\/wp-json\/wp\/v2\/tags?post=4310"}],"curies":[{"name":"wp","href":"https:\/\/api.w.org\/{rel}","templated":true}]}}